{"id":1472,"date":"2023-04-14T07:52:03","date_gmt":"2023-04-14T10:52:03","guid":{"rendered":"https:\/\/diariorepublica.com.ar\/web\/?p=1472"},"modified":"2023-04-14T07:52:04","modified_gmt":"2023-04-14T10:52:04","slug":"finalizo-la-instalacion-de-luminarias-led-en-la-totalidad-del-circuito-6","status":"publish","type":"post","link":"https:\/\/diariorepublica.com.ar\/web\/index.php\/locales\/2023\/04\/14\/finalizo-la-instalacion-de-luminarias-led-en-la-totalidad-del-circuito-6\/","title":{"rendered":"Finaliz\u00f3 la instalaci\u00f3n de luminarias LED en la totalidad del Circuito 6"},"content":{"rendered":"<p>La Municipalidad de la Capital, a trav\u00e9s de la Secretar\u00eda de Servicios Ciudadanos que conduce Mart\u00edn Barrionuevo, complet\u00f3 las tareas de reemplazo de luminarias de vapor de sodio y mercurio por LED en el alumbrado p\u00fablico de todo el Circuito 6.<\/p>\n<p>El intendente capitalino, Gustavo Saadi, realiz\u00f3 en ese marco una recorrida por los barrios Marcos Avellaneda, Fari\u00f1ango y Jorge Berm\u00fadez, donde supervis\u00f3 los nuevos sistemas de iluminaci\u00f3n recientemente instalados y dialog\u00f3 sobre estos avances y otros temas con vecinas y vecinos del lugar.<\/p>\n<p>El trabajo forma parte de una pol\u00edtica de cuidado ambiental que se complementa con otras tareas, y es notable el progreso alcanzado ya que al asumir la actual gesti\u00f3n municipal apenas el 20 por ciento de las luminarias utilizadas eran LED: hoy se acerca al 70 por ciento.<\/p>\n<p>Es un importante logro en beneficio de vecinos y vecinas,\u00a0no solo mejorando la iluminaci\u00f3n y brindando mayor seguridad sino tambi\u00e9n colaborando con el cuidado del medio ambiente y el ahorro energ\u00e9tico.<\/p>\n<p>\u201cEstuvimos recorriendo parte del Circuito 6 porque en su momento hicimos un compromiso con los vecinos y vecinas de este sector de hacer el recambio de luces LED, y hoy ya todo este circuito cuenta con nuevas luminarias\u201d, expres\u00f3 con satisfacci\u00f3n el intendente.<\/p>\n<p>Por su parte Aldo Cancino, concejal del circuito, se\u00f1al\u00f3 que \u201crealizamos la visita inaugural de reconversi\u00f3n de alumbrado p\u00fablico y para nosotros es una obra muy importante. En el a\u00f1o 2020 lo hemos solicitado por una ordenanza; el se\u00f1or intendente y su equipo realizaron los trabajos que faltaban para poner toda la zona con luces LED. Estas nuevas luminarias, brindan m\u00e1s seguridad al vecino, tambi\u00e9n se est\u00e1n realizando los trabajos del parque lineal, que no solo va a brindar un gran impacto para la zona, sino para toda la ciudad.\u201d<\/p>\n<p>Acompa\u00f1aron al intendente, el secretario de Servicios Ciudadanos, Mart\u00edn Barrionuevo, el Subsecretario de Alumbrado P\u00fablico, Luis Antonio Dolz, el Secretario de Ambiente y Espacios P\u00fablicos, Fernando Castillo, el concejal Aldo Cancino y dem\u00e1s autoridades municipales.<\/p>\n","protected":false},"excerpt":{"rendered":"<p>La Municipalidad de la Capital, a trav\u00e9s de la Secretar\u00eda de Servicios Ciudadanos que conduce Mart\u00edn Barrionuevo, complet\u00f3 las tareas<\/p>\n","protected":false},"author":1,"featured_media":1473,"comment_status":"closed","ping_status":"closed","sticky":false,"template":"","format":"standard","meta":{"footnotes":"","jetpack_publicize_message":"","jetpack_publicize_feature_enabled":true,"jetpack_social_post_already_shared":false,"jetpack_social_options":{"image_generator_settings":{"template":"highway","enabled":false},"version":2}},"categories":[2],"tags":[],"class_list":["post-1472","post","type-post","status-publish","format-standard","has-post-thumbnail","hentry","category-locales"],"jetpack_publicize_connections":[],"_links":{"self":[{"href":"https:\/\/diariorepublica.com.ar\/web\/index.php\/wp-json\/wp\/v2\/posts\/1472"}],"collection":[{"href":"https:\/\/diariorepublica.com.ar\/web\/index.php\/wp-json\/wp\/v2\/posts"}],"about":[{"href":"https:\/\/diariorepublica.com.ar\/web\/index.php\/wp-json\/wp\/v2\/types\/post"}],"author":[{"embeddable":true,"href":"https:\/\/diariorepublica.com.ar\/web\/index.php\/wp-json\/wp\/v2\/users\/1"}],"replies":[{"embeddable":true,"href":"https:\/\/diariorepublica.com.ar\/web\/index.php\/wp-json\/wp\/v2\/comments?post=1472"}],"version-history":[{"count":1,"href":"https:\/\/diariorepublica.com.ar\/web\/index.php\/wp-json\/wp\/v2\/posts\/1472\/revisions"}],"predecessor-version":[{"id":1474,"href":"https:\/\/diariorepublica.com.ar\/web\/index.php\/wp-json\/wp\/v2\/posts\/1472\/revisions\/1474"}],"wp:featuredmedia":[{"embeddable":true,"href":"https:\/\/diariorepublica.com.ar\/web\/index.php\/wp-json\/wp\/v2\/media\/1473"}],"wp:attachment":[{"href":"https:\/\/diariorepublica.com.ar\/web\/index.php\/wp-json\/wp\/v2\/media?parent=1472"}],"wp:term":[{"taxonomy":"category","embeddable":true,"href":"https:\/\/diariorepublica.com.ar\/web\/index.php\/wp-json\/wp\/v2\/categories?post=1472"},{"taxonomy":"post_tag","embeddable":true,"href":"https:\/\/diariorepublica.com.ar\/web\/index.php\/wp-json\/wp\/v2\/tags?post=1472"}],"curies":[{"name":"wp","href":"https:\/\/api.w.org\/{rel}","templated":true}]}}