{"id":14758,"date":"2024-05-17T00:58:00","date_gmt":"2024-05-17T03:58:00","guid":{"rendered":"https:\/\/diariorepublica.com.ar\/web\/?p=14758"},"modified":"2024-05-17T07:59:23","modified_gmt":"2024-05-17T10:59:23","slug":"como-quedo-la-placa-final-de-nominados-en-gran-hermano-tras-la-decision-de-facundo-el-amigo-de-martin","status":"publish","type":"post","link":"https:\/\/diariorepublica.com.ar\/web\/index.php\/espectaculos\/2024\/05\/17\/como-quedo-la-placa-final-de-nominados-en-gran-hermano-tras-la-decision-de-facundo-el-amigo-de-martin\/","title":{"rendered":"C\u00f3mo qued\u00f3 la placa final de nominados en Gran Hermano tras la decisi\u00f3n de Facundo, el amigo de Mart\u00edn"},"content":{"rendered":"<article class=\"article-body first\">\n<div class=\"article-content\">\n<div class=\"news-body-paragraph\">\n<p>Este jueves, en\u00a0<strong>Gran Hermano<\/strong>\u00a0(Telefe), el amigo de\u00a0<strong>Mart\u00edn Ku, Facundo,<\/strong>\u00a0quien se convirti\u00f3 en el l\u00edder de la semana, termin\u00f3 de definir la placa de nominados conformada por los visitantes:<strong>\u00a0La Gata Noelia, Mateo, Sol y Francisco.<\/strong><\/p>\n<\/div>\n<\/div>\n<\/article>\n<article class=\"article-body\">\n<div class=\"article-content\">\n<div class=\"news-body-paragraph\">\n<p>Al pricincpio del programa, Facundo, en complicidad con Mart\u00edn, le inform\u00f3 al conductor<strong>\u00a0Santiago del Moro\u00a0<\/strong>su decisi\u00f3n. El joven opt\u00f3 por subir a placa a<strong>\u00a0Aixa,<\/strong>\u00a0la mam\u00e1 de\u00a0<strong>Zoe Bogach,<\/strong>\u00a0y a\u00a0<strong>Delfina<\/strong>, la hija de<strong>\u00a0Virginia Demo.<\/strong><\/p>\n<p>M\u00e1s tarde, Facundo y Mart\u00edn anunciaron a qui\u00e9n bajaban de placa. Los amigos eligieron salvar a<strong>\u00a0Mateo,<\/strong>\u00a0el amigo de<strong>\u00a0Nicol\u00e1s Grosman.\u00a0<\/strong>Por lo tanto, la placa de nominados definitiva qued\u00f3 conformada por<strong>\u00a0La Gata Noelia,<\/strong>\u00a0amiga de\u00a0<strong>Emmanuel Vich, Sol,\u00a0<\/strong>la amiga de<strong>\u00a0Florencia Regidor, Francisco,<\/strong>\u00a0el hijo de\u00a0<strong>Dar\u00edo Mart\u00ednez Corti, Aixa\u00a0<\/strong>y<strong>\u00a0Delfina.<\/strong><\/p>\n<p>Cabe recordar que para este domingo la votaci\u00f3n ser\u00e1 positiva, es decir, el p\u00fablico elegir\u00e1 qu\u00e9 visitante quiere que se quede. El familiar que tenga que irse lo har\u00e1 junto al jugador que representa.<\/p>\n<\/div>\n<\/div>\n<\/article>\n","protected":false},"excerpt":{"rendered":"<p>Este jueves, en\u00a0Gran Hermano\u00a0(Telefe), el amigo de\u00a0Mart\u00edn Ku, Facundo,\u00a0quien se convirti\u00f3 en el l\u00edder de la semana, termin\u00f3 de definir<\/p>\n","protected":false},"author":1,"featured_media":14759,"comment_status":"closed","ping_status":"closed","sticky":false,"template":"","format":"standard","meta":{"footnotes":"","jetpack_publicize_message":"","jetpack_publicize_feature_enabled":true,"jetpack_social_post_already_shared":true,"jetpack_social_options":{"image_generator_settings":{"template":"highway","enabled":false},"version":2}},"categories":[7],"tags":[],"class_list":["post-14758","post","type-post","status-publish","format-standard","has-post-thumbnail","hentry","category-espectaculos"],"jetpack_publicize_connections":[],"_links":{"self":[{"href":"https:\/\/diariorepublica.com.ar\/web\/index.php\/wp-json\/wp\/v2\/posts\/14758"}],"collection":[{"href":"https:\/\/diariorepublica.com.ar\/web\/index.php\/wp-json\/wp\/v2\/posts"}],"about":[{"href":"https:\/\/diariorepublica.com.ar\/web\/index.php\/wp-json\/wp\/v2\/types\/post"}],"author":[{"embeddable":true,"href":"https:\/\/diariorepublica.com.ar\/web\/index.php\/wp-json\/wp\/v2\/users\/1"}],"replies":[{"embeddable":true,"href":"https:\/\/diariorepublica.com.ar\/web\/index.php\/wp-json\/wp\/v2\/comments?post=14758"}],"version-history":[{"count":1,"href":"https:\/\/diariorepublica.com.ar\/web\/index.php\/wp-json\/wp\/v2\/posts\/14758\/revisions"}],"predecessor-version":[{"id":14760,"href":"https:\/\/diariorepublica.com.ar\/web\/index.php\/wp-json\/wp\/v2\/posts\/14758\/revisions\/14760"}],"wp:featuredmedia":[{"embeddable":true,"href":"https:\/\/diariorepublica.com.ar\/web\/index.php\/wp-json\/wp\/v2\/media\/14759"}],"wp:attachment":[{"href":"https:\/\/diariorepublica.com.ar\/web\/index.php\/wp-json\/wp\/v2\/media?parent=14758"}],"wp:term":[{"taxonomy":"category","embeddable":true,"href":"https:\/\/diariorepublica.com.ar\/web\/index.php\/wp-json\/wp\/v2\/categories?post=14758"},{"taxonomy":"post_tag","embeddable":true,"href":"https:\/\/diariorepublica.com.ar\/web\/index.php\/wp-json\/wp\/v2\/tags?post=14758"}],"curies":[{"name":"wp","href":"https:\/\/api.w.org\/{rel}","templated":true}]}}