{"id":14765,"date":"2024-05-17T17:34:01","date_gmt":"2024-05-17T20:34:01","guid":{"rendered":"https:\/\/diariorepublica.com.ar\/web\/?p=14765"},"modified":"2024-05-17T17:34:03","modified_gmt":"2024-05-17T20:34:03","slug":"el-vicegobernador-dusso-visito-santa-maria-para-llevar-adelante-una-agenda-de-convenios-e-inauguraciones","status":"publish","type":"post","link":"https:\/\/diariorepublica.com.ar\/web\/index.php\/locales\/2024\/05\/17\/el-vicegobernador-dusso-visito-santa-maria-para-llevar-adelante-una-agenda-de-convenios-e-inauguraciones\/","title":{"rendered":"El vicegobernador Dusso visit\u00f3 Santa Mar\u00eda para llevar adelante una agenda de convenios e inauguraciones"},"content":{"rendered":"<p>El vicegobernador Rub\u00e9n Dusso viaj\u00f3 hasta Santa Mar\u00eda, donde acompa\u00f1ado por una comitiva de ministras y ministros, el intendente de la localidad de San Jos\u00e9, Antonio G\u00f3mez, la intendenta de Santa Mar\u00eda, \u00c9rica inga, y el senador departamental Antonio Camposano, recorrieron diversas obras de infraestructura, se firmaron convenios de capacitaci\u00f3n y dejaron inaugurado un centro arqueol\u00f3gico.<\/p>\n<p>Las ministras y ministros que acompa\u00f1aron la comitiva fueron; la titular de la cartera de Hacienda, Alejandra Nazareno; de Trabajo y Planificaci\u00f3n, Ver\u00f3nica Soria; el ministro de Infraestructura y Obras Civiles, Juan Marchetti; el ministro de Industria, Comercio y Empleo, Sebasti\u00e1n Caria; el ministro de Gobierno, Justicia y Derechos Humanos, Fernando \u00c1vila; el ministro de Inclusi\u00f3n Digital y Sistemas Productivos, Juan Cruz Miranda; y el ministro de Desarrollo Social, Gonzalo Mascheroni.<\/p>\n<p>La agenda de la comitiva comenz\u00f3 de esta manera con la visita al avanzado proyecto obra del Puente San Jos\u00e9, ubicado sobre el R\u00edo Santa Mar\u00eda, en secci\u00f3n San Jos\u00e9 Banda Oeste-Intersecci\u00f3n R.N. 40 (Palo Seco), con una longitud de 200 metros. Se trata de una conexi\u00f3n vial anhelada por d\u00e9cadas en la comunidad santamariana que se encuentra a punto de volverse realidad.<\/p>\n<p>Seguidamente, se llev\u00f3 adelante el acto de Inauguraci\u00f3n del Centro de Interpretaci\u00f3n Arqueol\u00f3gico \u00abLoma Rica de Shiquimil\u00bb San Jos\u00e9 de Santa Mar\u00eda, un espacio consignado a la investigaci\u00f3n, conservaci\u00f3n, divulgaci\u00f3n y puesta en valor del sitio arqueol\u00f3gico. Respecto a este espacio, el vicegobernador hizo hincapi\u00e9 en la importancia de \u201cremontarnos con la tecnolog\u00eda a 500 a\u00f1os para atr\u00e1s, de que nuestras generaciones que vienen para adelante conozcan qu\u00e9 pas\u00f3 para atr\u00e1s, porque es tan importante poder saber de nuestra historia. Antes de conocer al mundo, lo m\u00e1s importante es conocer lo nuestro, poner en valor lo nuestro, y hacer todo lo que sea posible para que se lo conozca\u201d, dijo Dusso.<\/p>\n<p>La visita tambi\u00e9n incluy\u00f3 el recorrido por el terreno propuesto para un nuevo centro de Salud en San Jos\u00e9 de Santa Maria, ubicado de forma estrat\u00e9gica sobre la Ruta N\u00b040 para facilitar al m\u00e1ximo su accesibilidad.<\/p>\n<p>La visita al Programa Catamarca con Vos, en la Plaza Principal de la ciudad de Santa Mar\u00eda, permiti\u00f3 valorar la iniciativa que lleva a cabo el Ministerio de Gobierno de la Provincia, nucleando a todos los organismos provinciales y a algunos organismos nacionales, en viajes al interior e instalaciones m\u00f3viles para facilitar a la gente del interior provincial sus tr\u00e1mites.<\/p>\n<p>La actividad de la comitiva finaliz\u00f3 con la visita a la construcci\u00f3n Toro Yaco, el nuevo camino que se extiende a lo largo de 33 km y traer\u00e1 importantes beneficios a las comunidades de San Antonio de El Caj\u00f3n, Toro Yaco, Ovejeria, entre otras, al reducir en m\u00e1s de 100 km el viaje necesario para acceder a sus destinos. Esta apertura de camino permitir\u00e1 una conexi\u00f3n directa entre los pueblos serranos y el centro de Santa Mar\u00eda.<\/p>\n<p><b><br \/>\nConservar el valor de una tradici\u00f3n ancestral<\/b><\/p>\n<p>En el marco de este viaje, el Ministerio de Trabajo, Planificaci\u00f3n y Recursos Humanos, representado por la ministra Soria, firm\u00f3 junto a la Unca y Las Municipalidades de San Jos\u00e9 y de Santa Maria un convenio por el cual se llevar\u00e1 adelante el dictado de la carrera de Tejido para Telar, una diplomatura con duraci\u00f3n de 9 meses, que ya cuenta con 200 artesanos inscriptos, y que fue dise\u00f1ada para promover la conservaci\u00f3n de la cultura de los pueblos.<\/p>\n","protected":false},"excerpt":{"rendered":"<p>El vicegobernador Rub\u00e9n Dusso viaj\u00f3 hasta Santa Mar\u00eda, donde acompa\u00f1ado por una comitiva de ministras y ministros, el intendente de<\/p>\n","protected":false},"author":1,"featured_media":14766,"comment_status":"closed","ping_status":"closed","sticky":false,"template":"","format":"standard","meta":{"footnotes":"","jetpack_publicize_message":"","jetpack_publicize_feature_enabled":true,"jetpack_social_post_already_shared":true,"jetpack_social_options":{"image_generator_settings":{"template":"highway","enabled":false},"version":2}},"categories":[2],"tags":[],"class_list":["post-14765","post","type-post","status-publish","format-standard","has-post-thumbnail","hentry","category-locales"],"jetpack_publicize_connections":[],"_links":{"self":[{"href":"https:\/\/diariorepublica.com.ar\/web\/index.php\/wp-json\/wp\/v2\/posts\/14765"}],"collection":[{"href":"https:\/\/diariorepublica.com.ar\/web\/index.php\/wp-json\/wp\/v2\/posts"}],"about":[{"href":"https:\/\/diariorepublica.com.ar\/web\/index.php\/wp-json\/wp\/v2\/types\/post"}],"author":[{"embeddable":true,"href":"https:\/\/diariorepublica.com.ar\/web\/index.php\/wp-json\/wp\/v2\/users\/1"}],"replies":[{"embeddable":true,"href":"https:\/\/diariorepublica.com.ar\/web\/index.php\/wp-json\/wp\/v2\/comments?post=14765"}],"version-history":[{"count":1,"href":"https:\/\/diariorepublica.com.ar\/web\/index.php\/wp-json\/wp\/v2\/posts\/14765\/revisions"}],"predecessor-version":[{"id":14767,"href":"https:\/\/diariorepublica.com.ar\/web\/index.php\/wp-json\/wp\/v2\/posts\/14765\/revisions\/14767"}],"wp:featuredmedia":[{"embeddable":true,"href":"https:\/\/diariorepublica.com.ar\/web\/index.php\/wp-json\/wp\/v2\/media\/14766"}],"wp:attachment":[{"href":"https:\/\/diariorepublica.com.ar\/web\/index.php\/wp-json\/wp\/v2\/media?parent=14765"}],"wp:term":[{"taxonomy":"category","embeddable":true,"href":"https:\/\/diariorepublica.com.ar\/web\/index.php\/wp-json\/wp\/v2\/categories?post=14765"},{"taxonomy":"post_tag","embeddable":true,"href":"https:\/\/diariorepublica.com.ar\/web\/index.php\/wp-json\/wp\/v2\/tags?post=14765"}],"curies":[{"name":"wp","href":"https:\/\/api.w.org\/{rel}","templated":true}]}}