{"id":14773,"date":"2024-05-18T07:23:00","date_gmt":"2024-05-18T10:23:00","guid":{"rendered":"https:\/\/diariorepublica.com.ar\/web\/?p=14773"},"modified":"2024-05-18T15:24:26","modified_gmt":"2024-05-18T18:24:26","slug":"el-parlamento-del-norte-grande-reclamo-el-financiamiento-para-las-universidades-de-toda-la-region","status":"publish","type":"post","link":"https:\/\/diariorepublica.com.ar\/web\/index.php\/locales\/2024\/05\/18\/el-parlamento-del-norte-grande-reclamo-el-financiamiento-para-las-universidades-de-toda-la-region\/","title":{"rendered":"El Parlamento del Norte Grande reclam\u00f3 el financiamiento para las universidades de toda la regi\u00f3n"},"content":{"rendered":"<p style=\"font-weight: 400;\">El senador Horacio Guti\u00e9rrez particip\u00f3 este viernes del 51\u00b0 Plenario del Parlamento del Norte Grande, en representaci\u00f3n del vicegobernador Rub\u00e9n Dusso, quien a cargo del Poder Ejecutivo encabez\u00f3, por su parte y en nuestra provincia, la visita oficial que la comitiva de Gobierno llev\u00f3 adelante en el departamento Santa Mar\u00eda.<\/p>\n<p style=\"font-weight: 400;\">\n<p style=\"font-weight: 400;\">De esta manera, el senador Guti\u00e9rrez form\u00f3 parte de una nueva edici\u00f3n del foro regional junto a vicegobernadoras y vicegobernadores de las diez provincias del NOA y NEA, y junto al cuerpo de parlamentarios pertenecientes a los \u00f3rganos legislativos de cada provincia representada.<\/p>\n<p style=\"font-weight: 400;\">\n<p style=\"font-weight: 400;\">La comitiva parlamentaria catamarque\u00f1a cont\u00f3 tambi\u00e9n con la presencia de los senadores P\u00edo Carletta, F\u00e9lix Jerez, Ariel Cordero, la senadora Virginia del Arco, y el secretario parlamentario de Senado, Franco Dr\u00e9; junto a diputadas y diputados provinciales.<\/p>\n<p style=\"font-weight: 400;\">\n<p style=\"font-weight: 400;\">\n<p style=\"font-weight: 400;\"><strong>Jornada de Mesa ejecutiva en la previa al plenario<\/strong><\/p>\n<p style=\"font-weight: 400;\">\n<p style=\"font-weight: 400;\">Ayer jueves, el vicegobernador Rub\u00e9n Dusso particip\u00f3 de forma remota de una nueva reuni\u00f3n de la Junta Ejecutiva del Parlamento del Norte Grande, integrado por los vicegobernadores y vicegobernadoras que representan a las 10 provincias que integran el NOA y NEA.<\/p>\n<p style=\"font-weight: 400;\">\n<p style=\"font-weight: 400;\">Estuvieron presentes, los vicegobernadores y vicegobernadoras de La Rioja, Teresita Madera; Formosa, Eber Wilson Sol\u00eds (Vicepresidente 1\u00b0);\u00a0 (Vicepresidente 2\u00b0); de Tucum\u00e1n, Miguel \u00c1ngel Acevedo; de Jujuy,\u00a0 Antonio Bernis, de Salta, Antonio Morocco y de Chaco, CPN. Silvana Schneider. V\u00eda Zoom, se conect\u00f3 tambi\u00e9n el presidente de la C\u00e1mara de Diputados de Corrientes, Pedro Cassani.<\/p>\n<p style=\"font-weight: 400;\">\n<p style=\"font-weight: 400;\">En la oportunidad, los integrantes de la Junta Ejecutiva recibieron a Rectores de Universidades con sede en las provincias del NOA y NEA, que dieron a conocer la situaci\u00f3n por la cual est\u00e1n atravesando las casas de altos estudios en el marco del recorte presupuestario que est\u00e1n sufriendo este 2024.<\/p>\n<p style=\"font-weight: 400;\">\n<p style=\"font-weight: 400;\"><strong>Solidaridad con las casas de altos estudios<\/strong><\/p>\n<p style=\"font-weight: 400;\">\n<p style=\"font-weight: 400;\">El Parlamento del Norte Grande, que decide acompa\u00f1ar y solidarizarse con las universidades, trat\u00f3 el convenio entre el Gobierno Nacional y la Universidad de Buenos Aires, pidiendo, a trav\u00e9s de un documento suscrito por los mandatarios, a que el mismo convenio tambi\u00e9n se extienda a las universidades de todo el pa\u00eds, espec\u00edficamente a las que est\u00e1n radicadas en la regi\u00f3n norte. \u201cLuego de escuchar a los rectores de las universidades de la regi\u00f3n sobre la situaci\u00f3n econ\u00f3mica, financiera y presupuestaria de la misma, los miembros de esta Mesa Ejecutiva del Parlamento del Norte Grande expresan una profunda preocupaci\u00f3n sobre lo expuesto por los mismos y observando que los problemas ya expresados en el Plenario N\u00famero 50, como les subsisten e incluso por las consecuencias da\u00f1osas que ponen en jaque a las universidades. Al mismo tiempo, la soluci\u00f3n parcial materializada por parte del Gobierno Nacional a todos los reclamos, nos obliga a peticionar que se nos trate de manera igualitaria y equitativa, ya que nuestras universidades, que albergan la cantidad de 500.000 alumnos en toda la regi\u00f3n, hacen inexorable el otorgamiento casi inmediato de los recursos presupuestarios esenciales para el normal funcionamiento de la Casa de Altos Estudios y sus respectivos institutos educativos de la regi\u00f3n\u201d, reza el documento.<\/p>\n<p style=\"font-weight: 400;\">\n<p style=\"font-weight: 400;\">Preocupaci\u00f3n por Vialidad<\/p>\n<p style=\"font-weight: 400;\">\n<p style=\"font-weight: 400;\">El parlamento aprob\u00f3 tambi\u00e9n la emisi\u00f3n de un pronunciamiento mediante el cual el \u00f3rgano se hace eco de la solicitud del sindicato de trabajadores viales y afines de la Rep\u00fablica Argentina. \u201cExpresamos nuestra preocupaci\u00f3n y solidaridad por los despidos de los empleados de ese organismo, lo que impacta en el achicamiento institucional, y va en desmedro de las v\u00edas de comunicaci\u00f3n de nuestro pa\u00eds, sobre todo de la regi\u00f3n del Norte Grande, que nos comunica con las fronteras de la regi\u00f3n del Norte, y es de suma importancia para el desarrollo productivo, aceptando la desigualdad para con los manejos de la zona centro del pa\u00eds, por sus distancias a los puertos, para la salida de la producci\u00f3n de nuestra regi\u00f3n\u201d, se\u00f1ala el escrito.<\/p>\n<p style=\"font-weight: 400;\">\n<p style=\"font-weight: 400;\">\n<p style=\"font-weight: 400;\"><strong>Sesi\u00f3n plenaria<\/strong><\/p>\n<p style=\"font-weight: 400;\">\n<p style=\"font-weight: 400;\">La sesi\u00f3n del Parlamento cont\u00f3 este viernes con el tratamiento 94 proyectos, de los cuales 60 obtuvieron dictamen positivo, y entre los que se encuentran iniciativas en materia tanto de salud p\u00fablica, como turismo, educaci\u00f3n, ciencia y tecnolog\u00eda; obras, infraestructura y transporte, entre otros.<\/p>\n<p style=\"font-weight: 400;\">El senador P\u00edo Carletta hizo uso de la palabra durante la sesi\u00f3n para argumentar la presentaci\u00f3n del proyecto de resoluci\u00f3n solicitando al Poder Ejecutivo Nacional, la reactivaci\u00f3n de las obras complementarias del dique El Bols\u00f3n, la construcci\u00f3n de una planta de tratamiento en la localidad de Quiroz, La Paz, provincia de Catamarca, y localidad de Fr\u00edas, departamento, Choya, provincia de Santiago del Estero.<\/p>\n","protected":false},"excerpt":{"rendered":"<p>El senador Horacio Guti\u00e9rrez particip\u00f3 este viernes del 51\u00b0 Plenario del Parlamento del Norte Grande, en representaci\u00f3n del vicegobernador Rub\u00e9n<\/p>\n","protected":false},"author":1,"featured_media":14774,"comment_status":"closed","ping_status":"closed","sticky":false,"template":"","format":"standard","meta":{"footnotes":"","jetpack_publicize_message":"","jetpack_publicize_feature_enabled":true,"jetpack_social_post_already_shared":true,"jetpack_social_options":{"image_generator_settings":{"template":"highway","enabled":false},"version":2}},"categories":[2],"tags":[],"class_list":["post-14773","post","type-post","status-publish","format-standard","has-post-thumbnail","hentry","category-locales"],"jetpack_publicize_connections":[],"_links":{"self":[{"href":"https:\/\/diariorepublica.com.ar\/web\/index.php\/wp-json\/wp\/v2\/posts\/14773"}],"collection":[{"href":"https:\/\/diariorepublica.com.ar\/web\/index.php\/wp-json\/wp\/v2\/posts"}],"about":[{"href":"https:\/\/diariorepublica.com.ar\/web\/index.php\/wp-json\/wp\/v2\/types\/post"}],"author":[{"embeddable":true,"href":"https:\/\/diariorepublica.com.ar\/web\/index.php\/wp-json\/wp\/v2\/users\/1"}],"replies":[{"embeddable":true,"href":"https:\/\/diariorepublica.com.ar\/web\/index.php\/wp-json\/wp\/v2\/comments?post=14773"}],"version-history":[{"count":1,"href":"https:\/\/diariorepublica.com.ar\/web\/index.php\/wp-json\/wp\/v2\/posts\/14773\/revisions"}],"predecessor-version":[{"id":14775,"href":"https:\/\/diariorepublica.com.ar\/web\/index.php\/wp-json\/wp\/v2\/posts\/14773\/revisions\/14775"}],"wp:featuredmedia":[{"embeddable":true,"href":"https:\/\/diariorepublica.com.ar\/web\/index.php\/wp-json\/wp\/v2\/media\/14774"}],"wp:attachment":[{"href":"https:\/\/diariorepublica.com.ar\/web\/index.php\/wp-json\/wp\/v2\/media?parent=14773"}],"wp:term":[{"taxonomy":"category","embeddable":true,"href":"https:\/\/diariorepublica.com.ar\/web\/index.php\/wp-json\/wp\/v2\/categories?post=14773"},{"taxonomy":"post_tag","embeddable":true,"href":"https:\/\/diariorepublica.com.ar\/web\/index.php\/wp-json\/wp\/v2\/tags?post=14773"}],"curies":[{"name":"wp","href":"https:\/\/api.w.org\/{rel}","templated":true}]}}