{"id":14776,"date":"2024-05-18T09:32:00","date_gmt":"2024-05-18T12:32:00","guid":{"rendered":"https:\/\/diariorepublica.com.ar\/web\/?p=14776"},"modified":"2024-05-18T15:34:15","modified_gmt":"2024-05-18T18:34:15","slug":"defensa-y-justicia-vs-gimnasia-por-la-liga-profesional","status":"publish","type":"post","link":"https:\/\/diariorepublica.com.ar\/web\/index.php\/deportes\/2024\/05\/18\/defensa-y-justicia-vs-gimnasia-por-la-liga-profesional\/","title":{"rendered":"Defensa y Justicia vs. Gimnasia, por la Liga Profesional"},"content":{"rendered":"<p><b>Defensa y Justicia<\/b>\u00a0recibir\u00e1 a\u00a0<b>Gimnasia de La Plata<\/b>\u00a0en el Estadio Norberto Tito Tomaghello, el s\u00e1bado a las 20, por la segunda jornada de la\u00a0<b>Liga Profesional 2024<\/b>. El Halc\u00f3n, que se qued\u00f3 sin entrenador por la renuncia de\u00a0<b>Julio Vaccari\u00a0<\/b>y fue eliminado de la Copa Sudamericana, necesita un triunfo para enderezar el rumbo en el segundo semestre del a\u00f1o.<\/p>\n<p><b>Defensa y Justicia\u00a0<\/b>comenz\u00f3 la espiral negativa tras la ca\u00edda por penales ante Argentinos Juniors en los cuartos de final de la Copa de la Liga y no par\u00f3 hasta la eliminaci\u00f3n de la Copa Sudamericana. Despu\u00e9s de perder con el Bicho cay\u00f3 en Colombia con el DIM, en Bolivia frente a Always Ready y en Parque Patricios vs. Hurac\u00e1n, por la fecha 1 de la Liga Profesional.\u00a0<b>Luego de la igualdad 1-1 ante el elenco cafetero, Vaccari renunci\u00f3 como entrenador de la instituci\u00f3n.\u00a0<\/b><\/p>\n<p>Por su parte,\u00a0<b>Gimnasia viene de un triunfo con autoridad ante uno de los finalistas de la Copa de la Liga. El Lobo derrot\u00f3 por 3-1 a V\u00e9lez\u00a0<\/b>en la primera jornada, en el Juan Carmelo Zerillo, en el debut de Marcelo M\u00e9ndez como DT del primer equipo.<\/p>\n<ul>\n<li>Hora: 20.00<\/li>\n<li>TV: ESPN Premium<\/li>\n<li>\u00c1rbitro: Fernando Echenique<\/li>\n<li>VAR: Salom\u00e9 Di Iorio<\/li>\n<li>Estadio: Norberto Tito Tomaghello<\/li>\n<\/ul>\n<p>tycsports.com<\/p>\n","protected":false},"excerpt":{"rendered":"<p>Defensa y Justicia\u00a0recibir\u00e1 a\u00a0Gimnasia de La Plata\u00a0en el Estadio Norberto Tito Tomaghello, el s\u00e1bado a las 20, por la segunda<\/p>\n","protected":false},"author":1,"featured_media":14777,"comment_status":"closed","ping_status":"closed","sticky":false,"template":"","format":"standard","meta":{"footnotes":"","jetpack_publicize_message":"","jetpack_publicize_feature_enabled":true,"jetpack_social_post_already_shared":true,"jetpack_social_options":{"image_generator_settings":{"template":"highway","enabled":false},"version":2}},"categories":[9],"tags":[],"class_list":["post-14776","post","type-post","status-publish","format-standard","has-post-thumbnail","hentry","category-deportes"],"jetpack_publicize_connections":[],"_links":{"self":[{"href":"https:\/\/diariorepublica.com.ar\/web\/index.php\/wp-json\/wp\/v2\/posts\/14776"}],"collection":[{"href":"https:\/\/diariorepublica.com.ar\/web\/index.php\/wp-json\/wp\/v2\/posts"}],"about":[{"href":"https:\/\/diariorepublica.com.ar\/web\/index.php\/wp-json\/wp\/v2\/types\/post"}],"author":[{"embeddable":true,"href":"https:\/\/diariorepublica.com.ar\/web\/index.php\/wp-json\/wp\/v2\/users\/1"}],"replies":[{"embeddable":true,"href":"https:\/\/diariorepublica.com.ar\/web\/index.php\/wp-json\/wp\/v2\/comments?post=14776"}],"version-history":[{"count":1,"href":"https:\/\/diariorepublica.com.ar\/web\/index.php\/wp-json\/wp\/v2\/posts\/14776\/revisions"}],"predecessor-version":[{"id":14778,"href":"https:\/\/diariorepublica.com.ar\/web\/index.php\/wp-json\/wp\/v2\/posts\/14776\/revisions\/14778"}],"wp:featuredmedia":[{"embeddable":true,"href":"https:\/\/diariorepublica.com.ar\/web\/index.php\/wp-json\/wp\/v2\/media\/14777"}],"wp:attachment":[{"href":"https:\/\/diariorepublica.com.ar\/web\/index.php\/wp-json\/wp\/v2\/media?parent=14776"}],"wp:term":[{"taxonomy":"category","embeddable":true,"href":"https:\/\/diariorepublica.com.ar\/web\/index.php\/wp-json\/wp\/v2\/categories?post=14776"},{"taxonomy":"post_tag","embeddable":true,"href":"https:\/\/diariorepublica.com.ar\/web\/index.php\/wp-json\/wp\/v2\/tags?post=14776"}],"curies":[{"name":"wp","href":"https:\/\/api.w.org\/{rel}","templated":true}]}}