{"id":14791,"date":"2024-05-18T09:39:00","date_gmt":"2024-05-18T12:39:00","guid":{"rendered":"https:\/\/diariorepublica.com.ar\/web\/?p=14791"},"modified":"2024-05-18T15:40:49","modified_gmt":"2024-05-18T18:40:49","slug":"javier-milei-se-reunio-con-empresarios-espanoles-y-explico-sus-planes-en-el-pais","status":"publish","type":"post","link":"https:\/\/diariorepublica.com.ar\/web\/index.php\/politica\/2024\/05\/18\/javier-milei-se-reunio-con-empresarios-espanoles-y-explico-sus-planes-en-el-pais\/","title":{"rendered":"Javier Milei se reuni\u00f3 con empresarios espa\u00f1oles y explic\u00f3 sus planes en el pa\u00eds"},"content":{"rendered":"<article id=\"article-post\" class=\"first\">\n<div class=\"cuerpo\" data-twitter-link=\"https:\/\/twitter.com\/intent\/tweet?url=https:\/\/www.diariopopular.com.ar\/c787185&amp;via=poopulardiario&amp;related=Popular&amp;text=\">\n<p>El presidente\u00a0Javier Milei\u00a0continu\u00f3 este s\u00e1bado con su visita en Madrid, donde\u00a0<strong>se reuni\u00f3 importantes CEO, directores y vicepresidentes de grandes empresas<\/strong>\u00a0en la embajada argentina. Al retirarse, mantuvo un breve di\u00e1logo con los periodistas y calific\u00f3 como \u00abfabulosa\u00bb la cumbre con los empresarios que pretenden invertir en el pa\u00eds.<\/p>\n<\/div>\n<\/article>\n<article id=\"article-post\">\n<div class=\"cuerpo\" data-twitter-link=\"https:\/\/twitter.com\/intent\/tweet?url=https:\/\/www.diariopopular.com.ar\/c787185&amp;via=poopulardiario&amp;related=Popular&amp;text=\">\n<p>Durante la reuni\u00f3n,\u00a0<strong>Milei present\u00f3 su visi\u00f3n econ\u00f3mica y pol\u00edtica<\/strong>, enfocada en la transformaci\u00f3n de la Argentina hacia un modelo de libre mercado. Adem\u00e1s, subray\u00f3 la importancia de las reformas econ\u00f3micas que su administraci\u00f3n est\u00e1 implementando para reducir el \u00edndice inflacionario y fomentar la inversi\u00f3n extranjera.<\/p>\n<p>El objetivo de la reuni\u00f3n, explicaron fuentes gubernamentales, era\u00a0<strong>\u00abponerse al d\u00eda\u00bb con las empresas y discutir las posibilidades de inversi\u00f3n en el pa\u00eds<\/strong>. Entre los presentes, estuvieron: el CEO del banco Santander,\u00a0<strong>H\u00e9ctor Grisi<\/strong>; el vicepresidente primero del consejo de administraci\u00f3n de Mapfre,<strong>\u00a0Jos\u00e9 Manuel Inchausti<\/strong>; y el presidente de Iberia,\u00a0<strong>Marco Sansavini<\/strong>.<\/p>\n<p>A su salida del encuentro, Milei -sin bajarse del veh\u00edculo- coment\u00f3 ante los periodistas que la reuni\u00f3n fue \u201cfabulosa\u201d, y se\u00f1al\u00f3 que\u00a0<strong>volver\u00e1 a Espa\u00f1a dentro de un mes \u201ca recibir un premio\u201d<\/strong>. \u00abNos dijo que convertir\u00e1 a la Argentina en un pa\u00eds fiable para la inversi\u00f3n\u00bb, confi\u00f3 uno de los empresarios que asisti\u00f3 al encuentro.<\/p>\n<p>En una de sus primeras actividades durante la visita a Madrid, el dirigente libertario brind\u00f3 una entrevista al diario\u00a0<strong>La Raz\u00f3n<\/strong>, en la que\u00a0<strong>defendi\u00f3 sus posturas econ\u00f3micas y pol\u00edticas<\/strong>. Insisti\u00f3 en su compromiso de<strong>\u00a0cerrar el Banco Central de Argentina<\/strong>\u00a0como una medida crucial para estabilizar la econom\u00eda del pa\u00eds.<\/p>\n<div id=\"embed3_wrap\" class=\"embed_cont type_freetext\" contenteditable=\"false\">\n<div id=\"embed3_content\" class=\"embed_content\">\n<div id=\"embed3_embed\">\n<div class=\"twitter-tweet twitter-tweet-rendered\"><iframe id=\"twitter-widget-0\" class=\"\" title=\"X Post\" src=\"https:\/\/platform.twitter.com\/embed\/Tweet.html?creatorScreenName=diariopopular&amp;dnt=false&amp;embedId=twitter-widget-0&amp;features=eyJ0ZndfdGltZWxpbmVfbGlzdCI6eyJidWNrZXQiOltdLCJ2ZXJzaW9uIjpudWxsfSwidGZ3X2ZvbGxvd2VyX2NvdW50X3N1bnNldCI6eyJidWNrZXQiOnRydWUsInZlcnNpb24iOm51bGx9LCJ0ZndfdHdlZXRfZWRpdF9iYWNrZW5kIjp7ImJ1Y2tldCI6Im9uIiwidmVyc2lvbiI6bnVsbH0sInRmd19yZWZzcmNfc2Vzc2lvbiI6eyJidWNrZXQiOiJvbiIsInZlcnNpb24iOm51bGx9LCJ0ZndfZm9zbnJfc29mdF9pbnRlcnZlbnRpb25zX2VuYWJsZWQiOnsiYnVja2V0Ijoib24iLCJ2ZXJzaW9uIjpudWxsfSwidGZ3X21peGVkX21lZGlhXzE1ODk3Ijp7ImJ1Y2tldCI6InRyZWF0bWVudCIsInZlcnNpb24iOm51bGx9LCJ0ZndfZXhwZXJpbWVudHNfY29va2llX2V4cGlyYXRpb24iOnsiYnVja2V0IjoxMjA5NjAwLCJ2ZXJzaW9uIjpudWxsfSwidGZ3X3Nob3dfYmlyZHdhdGNoX3Bpdm90c19lbmFibGVkIjp7ImJ1Y2tldCI6Im9uIiwidmVyc2lvbiI6bnVsbH0sInRmd19kdXBsaWNhdGVfc2NyaWJlc190b19zZXR0aW5ncyI6eyJidWNrZXQiOiJvbiIsInZlcnNpb24iOm51bGx9LCJ0ZndfdXNlX3Byb2ZpbGVfaW1hZ2Vfc2hhcGVfZW5hYmxlZCI6eyJidWNrZXQiOiJvbiIsInZlcnNpb24iOm51bGx9LCJ0ZndfdmlkZW9faGxzX2R5bmFtaWNfbWFuaWZlc3RzXzE1MDgyIjp7ImJ1Y2tldCI6InRydWVfYml0cmF0ZSIsInZlcnNpb24iOm51bGx9LCJ0ZndfbGVnYWN5X3RpbWVsaW5lX3N1bnNldCI6eyJidWNrZXQiOnRydWUsInZlcnNpb24iOm51bGx9LCJ0ZndfdHdlZXRfZWRpdF9mcm9udGVuZCI6eyJidWNrZXQiOiJvbiIsInZlcnNpb24iOm51bGx9fQ%3D%3D&amp;frame=false&amp;hideCard=false&amp;hideThread=false&amp;id=1791523999299559920&amp;lang=en&amp;origin=https%3A%2F%2Fwww.diariopopular.com.ar%2Fpolitica%2Fjavier-milei-se-reunio-empresarios-espanoles-y-explico-sus-planes-el-pais-n787185&amp;sessionId=55035a3dd89e39f8de549ad49fed2d3e3ff7d8c9&amp;siteScreenName=diariopopular&amp;theme=light&amp;widgetsVersion=2615f7e52b7e0%3A1702314776716&amp;width=550px\" frameborder=\"0\" scrolling=\"no\" allowfullscreen=\"allowfullscreen\" data-tweet-id=\"1791523999299559920\" data-gtm-yt-inspected-11=\"true\" data-mce-fragment=\"1\"><\/iframe><\/div>\n<\/div>\n<\/div>\n<div id=\"embed3_epigrafe\" class=\"embed_epigrafe\"><\/div>\n<div id=\"embed3_copyright\" class=\"embed_copyright\"><\/div>\n<\/div>\n<p>Milei argument\u00f3 que esta decisi\u00f3n, aunque controvertida, es esencial para eliminar el d\u00e9ficit fiscal y detener la emisi\u00f3n monetaria que alimenta la inflaci\u00f3n. A<strong>dem\u00e1s, destac\u00f3 las similitudes entre sus pol\u00edticas y las implementadas por pa\u00edses como Suiza e Irlanda<\/strong>, las cuales aspira a emular para convertir a Argentina en una de las principales potencias econ\u00f3micas del mundo en las pr\u00f3ximas d\u00e9cadas.<\/p>\n<p>Como parte de su agenda, Milei asistir\u00e1 tambi\u00e9n a la cumbre del partido espa\u00f1ol Vox, donde se mostrar\u00e1 junto a su l\u00edder,\u00a0<strong>Santiago Abascal<\/strong>. Durante su intervenci\u00f3n, Milei hablar\u00e1 el rol que tienen las ideas libertarias. Ayer elogi\u00f3 a Abascal no s\u00f3lo como un amigo, sino tambi\u00e9n como\u00a0<strong>una figura clave que le brind\u00f3 apoyo en momentos de adversidad<\/strong>.<\/p>\n<p>\u201cUno tiene que ser una persona agradecida.\u00a0<strong>Cuando nadie me quer\u00eda, el \u00fanico que me abraz\u00f3 fue Santiago Abascal<\/strong>. Por tanto, era imperativo moral participar en el evento\u201d, dijo el Presidente en la presentaci\u00f3n de su libro.<\/p>\n<p>La visita del jefe de Estado a Madrid ha sido\u00a0<strong>una plataforma para consolidar relaciones internacionales<\/strong>\u00a0con las personas que conoce y busca promover su agenda econ\u00f3mica.<\/p>\n<\/div>\n<\/article>\n","protected":false},"excerpt":{"rendered":"<p>El presidente\u00a0Javier Milei\u00a0continu\u00f3 este s\u00e1bado con su visita en Madrid, donde\u00a0se reuni\u00f3 importantes CEO, directores y vicepresidentes de grandes empresas\u00a0en<\/p>\n","protected":false},"author":1,"featured_media":14792,"comment_status":"closed","ping_status":"closed","sticky":false,"template":"","format":"standard","meta":{"footnotes":"","jetpack_publicize_message":"","jetpack_publicize_feature_enabled":true,"jetpack_social_post_already_shared":true,"jetpack_social_options":{"image_generator_settings":{"template":"highway","enabled":false},"version":2}},"categories":[12],"tags":[],"class_list":["post-14791","post","type-post","status-publish","format-standard","has-post-thumbnail","hentry","category-politica"],"jetpack_publicize_connections":[],"_links":{"self":[{"href":"https:\/\/diariorepublica.com.ar\/web\/index.php\/wp-json\/wp\/v2\/posts\/14791"}],"collection":[{"href":"https:\/\/diariorepublica.com.ar\/web\/index.php\/wp-json\/wp\/v2\/posts"}],"about":[{"href":"https:\/\/diariorepublica.com.ar\/web\/index.php\/wp-json\/wp\/v2\/types\/post"}],"author":[{"embeddable":true,"href":"https:\/\/diariorepublica.com.ar\/web\/index.php\/wp-json\/wp\/v2\/users\/1"}],"replies":[{"embeddable":true,"href":"https:\/\/diariorepublica.com.ar\/web\/index.php\/wp-json\/wp\/v2\/comments?post=14791"}],"version-history":[{"count":1,"href":"https:\/\/diariorepublica.com.ar\/web\/index.php\/wp-json\/wp\/v2\/posts\/14791\/revisions"}],"predecessor-version":[{"id":14793,"href":"https:\/\/diariorepublica.com.ar\/web\/index.php\/wp-json\/wp\/v2\/posts\/14791\/revisions\/14793"}],"wp:featuredmedia":[{"embeddable":true,"href":"https:\/\/diariorepublica.com.ar\/web\/index.php\/wp-json\/wp\/v2\/media\/14792"}],"wp:attachment":[{"href":"https:\/\/diariorepublica.com.ar\/web\/index.php\/wp-json\/wp\/v2\/media?parent=14791"}],"wp:term":[{"taxonomy":"category","embeddable":true,"href":"https:\/\/diariorepublica.com.ar\/web\/index.php\/wp-json\/wp\/v2\/categories?post=14791"},{"taxonomy":"post_tag","embeddable":true,"href":"https:\/\/diariorepublica.com.ar\/web\/index.php\/wp-json\/wp\/v2\/tags?post=14791"}],"curies":[{"name":"wp","href":"https:\/\/api.w.org\/{rel}","templated":true}]}}