{"id":14800,"date":"2024-05-18T00:43:00","date_gmt":"2024-05-18T03:43:00","guid":{"rendered":"https:\/\/diariorepublica.com.ar\/web\/?p=14800"},"modified":"2024-05-18T15:44:09","modified_gmt":"2024-05-18T18:44:09","slug":"allanaron-la-municipalidad-de-san-martin-y-le-prohibieron-salir-del-pais-al-intendente-fernando-moreira","status":"publish","type":"post","link":"https:\/\/diariorepublica.com.ar\/web\/index.php\/nacionales\/2024\/05\/18\/allanaron-la-municipalidad-de-san-martin-y-le-prohibieron-salir-del-pais-al-intendente-fernando-moreira\/","title":{"rendered":"Allanaron la municipalidad de San Mart\u00edn y le prohibieron salir del pa\u00eds al intendente Fernando Moreira"},"content":{"rendered":"<article class=\"article-body article-body--first-paragraph content-protected-false\" data-td-script-src=\"https:\/\/www.ambito.com\/td\/modulos\/encuestas\/js\/function-embeds-min-version-1715832476.js\">Agentes de la Polic\u00eda Federal Argentina (PFA) allanaron la municipalidad de\u00a0<strong>San Mart\u00edn<\/strong>\u00a0por orden de la Justicia, que adem\u00e1s le prohibi\u00f3 la salida la pa\u00eds del intendente de esa localidad bonaerense, el peronista\u00a0<strong>Fernando Moreira<\/strong>.<\/p>\n<\/article>\n<article class=\"article-body article-body--second-paragraph content-protected-false\">Las medidas fueron dispuestas por la jueza federal Alicia Vence, e<strong>n el marco de una causa iniciada a fines del 2023 que investiga la supuesta incorporaci\u00f3n de \u00abempleados fantasma\u00bb por parte de esa administraci\u00f3n.<\/strong><\/p>\n<p>La investigaci\u00f3n se inici\u00f3 cuando una persona que cobraba un plan social fue dado de baja de ese beneficio. A ra\u00edz de su denuncia, las autoridades le explicaron que fue despojado del cobro ya que era figuraba como empleado de la Municipalidad de San Mart\u00edn, percibiendo un sueldo de $300 mil.<\/p>\n<p>Al negar ser \u00e9l quien trabajaba para el municipio, se inici\u00f3 una investigaci\u00f3n que deriv\u00f3 en allanamientos en las \u00e1reas de Recursos Humanos y Tesorer\u00eda del palacio de Gobierno, ubicado a solo 15 minutos de la Capital Federal.<\/p>\n<p>La modalidad remite al esc\u00e1ndalo protagonizado por el puntero pol\u00edtico Julio \u00abChocolate\u00bb Rigau.<\/p>\n<p>Moreira responde al actual ministro de Infraestructura y Servicios P\u00fablicos de la provincia de Buenos Aires, Gabriel Katopodis, quien, adem\u00e1s, fue su antecesor en la intendencia de San Mart\u00edn.<\/p>\n<p>Hallazgo<br \/>\nEl objetivo del operativo en la Municipalidad fue recolectar informaci\u00f3n sobre los empleados reales y cotejar con los que cobraban dinero y supuestamente no lo eran.<\/p>\n<p>La investigaci\u00f3n deriv\u00f3 luego en descubrir que una persona ten\u00eda varias tarjetas de d\u00e9bito y retiraba el dinero de los empleados en un cajero cercano al Concejo Deliberante.<\/p>\n<p>Seg\u00fan la pesquisa, personas que desconoc\u00edan la situaci\u00f3n figuraban como empleados del Municipio y en nombre de ellos se cobraban salarios.<\/p>\n<p>En ese marco, la jueza Vence impuso la prohibici\u00f3n de salida del pa\u00eds para cinco personas, entre ellas al intendente de San Mart\u00edn.<\/p>\n<p>Vence, acusada de frenar causas de civiles c\u00f3mplices de la dictadura<br \/>\nComo responsable del Juzgado Federal de Instrucci\u00f3n n\u00famero 2 de San Mart\u00edn, muchas causas de lesa humanidad suelen tocarle a Alicia Vence. Si bien avanz\u00f3 en la investigaci\u00f3n contra militares, se la acus\u00f3 de frenar las causas donde eran se\u00f1aladas grandes empresas como Ford o Techint como c\u00f3mplices de torturas y desapariciones de trabajadores durante la \u00faltima dictadura (1976-1983).<\/p>\n<p>\u201cHay una resistencia en todo el pa\u00eds a revisar estas responsabilidades y hoy Vence lamentablemente no parece ser la excepci\u00f3n\u201d, se\u00f1al\u00f3 en 2022 Federico Efron, entonces Director de Asuntos Jur\u00eddicos Nacionales de la Secretar\u00eda de Derechos Humanos de la Naci\u00f3n, cuando le consultaron desde Letra P.<\/p>\n<p>Entre los casos que le tocaban a la jueza Vence, se encontraban la represi\u00f3n a trabajadores en la zona norte de la provincia de Buenos Aires. Se estima que Carlos Guillermo Su\u00e1rez Mason, al frente del primer Cuerpo del Ej\u00e9rcito, con base en Campo de Mayo, sol\u00eda reunirse con personal jer\u00e1rquico de empresas como Acindar de Villa Constituci\u00f3n, las automotrices Mercedes Benz y Ford y las ceramistas Cattaneo y Lozadur, entre otras.<\/p>\n<\/article>\n","protected":false},"excerpt":{"rendered":"<p>Agentes de la Polic\u00eda Federal Argentina (PFA) allanaron la municipalidad de\u00a0San Mart\u00edn\u00a0por orden de la Justicia, que adem\u00e1s le prohibi\u00f3<\/p>\n","protected":false},"author":1,"featured_media":14801,"comment_status":"closed","ping_status":"closed","sticky":false,"template":"","format":"standard","meta":{"footnotes":"","jetpack_publicize_message":"","jetpack_publicize_feature_enabled":true,"jetpack_social_post_already_shared":true,"jetpack_social_options":{"image_generator_settings":{"template":"highway","enabled":false},"version":2}},"categories":[4],"tags":[],"class_list":["post-14800","post","type-post","status-publish","format-standard","has-post-thumbnail","hentry","category-nacionales"],"jetpack_publicize_connections":[],"_links":{"self":[{"href":"https:\/\/diariorepublica.com.ar\/web\/index.php\/wp-json\/wp\/v2\/posts\/14800"}],"collection":[{"href":"https:\/\/diariorepublica.com.ar\/web\/index.php\/wp-json\/wp\/v2\/posts"}],"about":[{"href":"https:\/\/diariorepublica.com.ar\/web\/index.php\/wp-json\/wp\/v2\/types\/post"}],"author":[{"embeddable":true,"href":"https:\/\/diariorepublica.com.ar\/web\/index.php\/wp-json\/wp\/v2\/users\/1"}],"replies":[{"embeddable":true,"href":"https:\/\/diariorepublica.com.ar\/web\/index.php\/wp-json\/wp\/v2\/comments?post=14800"}],"version-history":[{"count":1,"href":"https:\/\/diariorepublica.com.ar\/web\/index.php\/wp-json\/wp\/v2\/posts\/14800\/revisions"}],"predecessor-version":[{"id":14802,"href":"https:\/\/diariorepublica.com.ar\/web\/index.php\/wp-json\/wp\/v2\/posts\/14800\/revisions\/14802"}],"wp:featuredmedia":[{"embeddable":true,"href":"https:\/\/diariorepublica.com.ar\/web\/index.php\/wp-json\/wp\/v2\/media\/14801"}],"wp:attachment":[{"href":"https:\/\/diariorepublica.com.ar\/web\/index.php\/wp-json\/wp\/v2\/media?parent=14800"}],"wp:term":[{"taxonomy":"category","embeddable":true,"href":"https:\/\/diariorepublica.com.ar\/web\/index.php\/wp-json\/wp\/v2\/categories?post=14800"},{"taxonomy":"post_tag","embeddable":true,"href":"https:\/\/diariorepublica.com.ar\/web\/index.php\/wp-json\/wp\/v2\/tags?post=14800"}],"curies":[{"name":"wp","href":"https:\/\/api.w.org\/{rel}","templated":true}]}}