{"id":1483,"date":"2023-04-14T10:53:38","date_gmt":"2023-04-14T13:53:38","guid":{"rendered":"https:\/\/diariorepublica.com.ar\/web\/?p=1483"},"modified":"2023-04-14T10:53:38","modified_gmt":"2023-04-14T13:53:38","slug":"las-bajas-temperaturas-y-el-uso-racional-de-la-energia","status":"publish","type":"post","link":"https:\/\/diariorepublica.com.ar\/web\/index.php\/sociedad\/2023\/04\/14\/las-bajas-temperaturas-y-el-uso-racional-de-la-energia\/","title":{"rendered":"LAS BAJAS TEMPERATURAS Y EL USO RACIONAL DE LA ENERG\u00cdA"},"content":{"rendered":"<p style=\"font-weight: 400;\">En la temporada de invierno bajan considerablemente las temperaturas y estacionalmente se produce un aumento importante en el consumo de energ\u00eda, principalmente en aquellos hogares que no cuentan con gas natural para calefaccionar los ambientes y deben utilizar la electricidad.<\/p>\n<p style=\"font-weight: 400;\">Luego, estos consumos elevados con importes econ\u00f3micos significativos se ver\u00e1n reflejados en las facturas que llegan a los domicilios entre los meses de agosto y septiembre siguiente.<\/p>\n<p style=\"font-weight: 400;\">Por ello, y para evitar que las facturas con consumos del invierno afecten despu\u00e9s el presupuesto familiar y\/o comercial, el Ente Regulador de Servicios P\u00fablicos y Otras Concesiones de Catamarca reitera a la ciudadan\u00eda la sugerencia de utilizar responsablemente los artefactos el\u00e9ctricos.<\/p>\n<p style=\"font-weight: 400;\">Asimismo, y para quienes a\u00fan no se inscribieron para mantener el subsidio nacional a la energ\u00eda el\u00e9ctrica, el Organismo recuerda que la inscripci\u00f3n est\u00e1 vigente en\u00a0<a href=\"http:\/\/www.argentina.gob.ar\/subsidios\" data-saferedirecturl=\"https:\/\/www.google.com\/url?q=http:\/\/www.argentina.gob.ar\/subsidios&amp;source=gmail&amp;ust=1681562577986000&amp;usg=AOvVaw03B7jFV_YHkoHLFd763B0U\">www.argentina.gob.ar\/subsidios<\/a>. La inscripci\u00f3n permitir\u00e1 a los beneficiarios abonar el valor del KW a un precio subsidiado m\u00e1s barato.<\/p>\n<p style=\"font-weight: 400;\">Consejos para utilizar responsablemente la energ\u00eda<\/p>\n<p style=\"font-weight: 400;\">\n<p style=\"font-weight: 400;\"><strong>Climatizaci\u00f3n eficiente<\/strong><\/p>\n<p style=\"font-weight: 400;\">Mantener climatizados solo los ambientes que se usan.<\/p>\n<p style=\"font-weight: 400;\">Instalar burletes en puertas y ventanas para que no se filtre aire fr\u00edo del exterior.<\/p>\n<p style=\"font-weight: 400;\">Colocar cortinas, aleros o toldos en las ventanas para reducir el gasto de energ\u00eda de los ambientes.<\/p>\n<p style=\"font-weight: 400;\">Mantener\u00a0y limpiar los sistemas de calefacci\u00f3n<\/p>\n<p style=\"font-weight: 400;\">Aprovechar los rayos del sol para absorber el calor.<\/p>\n<p style=\"font-weight: 400;\">\n<p style=\"font-weight: 400;\"><strong>Aire acondicionado<\/strong><\/p>\n<p style=\"font-weight: 400;\">Fijar la temperatura del aire acondicionado en 22 \u00b0C para un consumo equilibrado. Por cada grado m\u00e1s de calor sube el consumo energ\u00e9tico entre 7% y 8%.<\/p>\n<p style=\"font-weight: 400;\"><strong>Caloventores<\/strong><\/p>\n<p style=\"font-weight: 400;\">Son los dispositivos menos eficientes. Su uso debe ser moderado, debido a su elevado consumo el\u00e9ctrico para calefaccionar un ambiente, ya que consumen el doble de un aire acondicionado.<\/p>\n<p style=\"font-weight: 400;\">\n<p style=\"font-weight: 400;\"><strong>Lavar y planchar<\/strong><\/p>\n<p style=\"font-weight: 400;\">Si vas a lavar y\/o planchar, hacerlo en lo posible en horas de baja demanda, de ma\u00f1ana y antes\u00a0 de las 11, y\u00a0juntar la mayor\u00a0cantidad de ropa.<\/p>\n<p style=\"font-weight: 400;\">Evitar desperdicios de calor secando la ropa con la plancha, graduar el termostato de acuerdo con el tipo de tejido y desconectarla antes de concluir la tarea, para aprovechar el calor remanente.<\/p>\n<p style=\"font-weight: 400;\">Si vas a lavar poca\u00a0ropa, utilizar los programas econ\u00f3micos y,\u00a0siempre que se pueda, lavar con programas de agua fr\u00eda. Usar la cantidad correcta de jab\u00f3n, para no tener que realizar m\u00e1s de un enjuague.<\/p>\n<p style=\"font-weight: 400;\"><strong>Usar correctamente los electrodom\u00e9sticos o artefactos el\u00e9ctricos<\/strong><\/p>\n<p style=\"font-weight: 400;\">Desenchufar artefactos el\u00e9ctricos que permanecen conectados a la red sin estar encendidos, ya que tambi\u00e9n consumen electricidad: equipos de m\u00fasica, televisores,\u00a0hornos de microondas, decodificadores de televisi\u00f3n, consolas de video juegos, cargadores de celular etc. Ese consumo se denomina \u201cenerg\u00eda en espera\u201d. Procurar hacerlo especialmente antes de ir a dormir.<\/p>\n<p style=\"font-weight: 400;\">Apagar la computadora cuando termines de usarla. Una PC en modo de espera equivale hasta 70% de su consumo en modo encendido.<\/p>\n<p style=\"font-weight: 400;\"><strong>Iluminaci\u00f3n<\/strong><\/p>\n<p style=\"font-weight: 400;\">Evitar dejar las luces encendidas si no se las utilizas y aprovechar la luz natural al m\u00e1ximo.<\/p>\n<p style=\"font-weight: 400;\">Mantener limpios los focos. La tierra acumulada disminuye la intensidad lum\u00ednica 50%.<\/p>\n<p style=\"font-weight: 400;\"><strong>Heladera<\/strong><\/p>\n<p style=\"font-weight: 400;\">Asegurar que la puerta de la heladera y\u00a0freezer\u00a0cierren bien. Cambiar el burlete si est\u00e1 roto. Abrirla solo cuando sea necesario y por el menor tiempo posible. Enfriar completamente las comidas antes de colocarlas en la heladera. Si se trata de una heladera con congelador, tener la precauci\u00f3n de descongelarla regularmente. El sobreconsumo comienza cuando la caja de hielo llega a un espesor de 5 mm.<\/p>\n<p style=\"font-weight: 400;\"><strong>Revisar las instalaciones<\/strong><\/p>\n<p style=\"font-weight: 400;\">Es recomendable hacerlo peri\u00f3dicamente para verificar el estado de conservaci\u00f3n y funcionamiento de las instalaciones. De esta forma, se evitan fugas internas de electricidad y posibles accidentes.<\/p>\n<p style=\"font-weight: 400;\"><strong>Etiqueta de Eficiencia Energ\u00e9tica<\/strong><\/p>\n<p style=\"font-weight: 400;\">Es una herramienta que nos permite conocer de manera r\u00e1pida y f\u00e1cil el consumo de energ\u00eda de los artefactos el\u00e9ctricos. Si va a remplazar alguno de ellos,\u00a0tenga en cuenta su\u00a0etiquetado: clase A o superior permiten mayor ahorro de energ\u00eda.<\/p>\n","protected":false},"excerpt":{"rendered":"<p>En la temporada de invierno bajan considerablemente las temperaturas y estacionalmente se produce un aumento importante en el consumo de<\/p>\n","protected":false},"author":1,"featured_media":1484,"comment_status":"closed","ping_status":"closed","sticky":false,"template":"","format":"standard","meta":{"footnotes":"","jetpack_publicize_message":"","jetpack_publicize_feature_enabled":true,"jetpack_social_post_already_shared":false,"jetpack_social_options":{"image_generator_settings":{"template":"highway","enabled":false},"version":2}},"categories":[3],"tags":[],"class_list":["post-1483","post","type-post","status-publish","format-standard","has-post-thumbnail","hentry","category-sociedad"],"jetpack_publicize_connections":[],"_links":{"self":[{"href":"https:\/\/diariorepublica.com.ar\/web\/index.php\/wp-json\/wp\/v2\/posts\/1483"}],"collection":[{"href":"https:\/\/diariorepublica.com.ar\/web\/index.php\/wp-json\/wp\/v2\/posts"}],"about":[{"href":"https:\/\/diariorepublica.com.ar\/web\/index.php\/wp-json\/wp\/v2\/types\/post"}],"author":[{"embeddable":true,"href":"https:\/\/diariorepublica.com.ar\/web\/index.php\/wp-json\/wp\/v2\/users\/1"}],"replies":[{"embeddable":true,"href":"https:\/\/diariorepublica.com.ar\/web\/index.php\/wp-json\/wp\/v2\/comments?post=1483"}],"version-history":[{"count":1,"href":"https:\/\/diariorepublica.com.ar\/web\/index.php\/wp-json\/wp\/v2\/posts\/1483\/revisions"}],"predecessor-version":[{"id":1485,"href":"https:\/\/diariorepublica.com.ar\/web\/index.php\/wp-json\/wp\/v2\/posts\/1483\/revisions\/1485"}],"wp:featuredmedia":[{"embeddable":true,"href":"https:\/\/diariorepublica.com.ar\/web\/index.php\/wp-json\/wp\/v2\/media\/1484"}],"wp:attachment":[{"href":"https:\/\/diariorepublica.com.ar\/web\/index.php\/wp-json\/wp\/v2\/media?parent=1483"}],"wp:term":[{"taxonomy":"category","embeddable":true,"href":"https:\/\/diariorepublica.com.ar\/web\/index.php\/wp-json\/wp\/v2\/categories?post=1483"},{"taxonomy":"post_tag","embeddable":true,"href":"https:\/\/diariorepublica.com.ar\/web\/index.php\/wp-json\/wp\/v2\/tags?post=1483"}],"curies":[{"name":"wp","href":"https:\/\/api.w.org\/{rel}","templated":true}]}}