{"id":14852,"date":"2024-05-20T12:36:00","date_gmt":"2024-05-20T15:36:00","guid":{"rendered":"https:\/\/diariorepublica.com.ar\/web\/?p=14852"},"modified":"2024-05-20T11:37:03","modified_gmt":"2024-05-20T14:37:03","slug":"nuevo-encuentro-del-taller-gratuito-de-orientacion-vocacional-construyendo-mi-futuro","status":"publish","type":"post","link":"https:\/\/diariorepublica.com.ar\/web\/index.php\/locales\/2024\/05\/20\/nuevo-encuentro-del-taller-gratuito-de-orientacion-vocacional-construyendo-mi-futuro\/","title":{"rendered":"Nuevo encuentro del taller gratuito de Orientaci\u00f3n Vocacional \u00abConstruyendo mi futuro\u00bb"},"content":{"rendered":"<p>Un nuevo grupo de alumnas y alumnos tendr\u00e1 la oportunidad de participar en la pr\u00f3xima entrega del taller gratuito de orientaci\u00f3n vocacional organizado por la Vicegobernaci\u00f3n que conduce Rub\u00e9n Dusso, \u201cConstruyendo mi futuro\u201d, que busca garantizar un mayor \u00e9xito a los estudiantes y p\u00fablico general que se encuentra por iniciar sus estudios en la educaci\u00f3n superior y universitaria en la provincia.<\/p>\n<p>El grupo inscripto para este mes de mayo tendr\u00e1 su encuentro el lunes 29 a las 17.00. El taller prev\u00e9 recibir un grupo nuevo de forma presencial cada mes, en la Biblioteca del Senado \u00abMario Dardo Aguirre\u00bb.<\/p>\n<p>La modalidad del curso tambi\u00e9n ser\u00e1 itinerante, realizando un recorrido por distintas escuelas. Las instituciones interesadas pueden inscribirse para ser visitadas.<\/p>\n<p>En los encuentros se abordar\u00e1n los ejes que atraviesan la elecci\u00f3n vocacional, como: mandatos sociales y familiares, intereses vocacionales, informaci\u00f3n concreta en relaci\u00f3n a las carreras, entre otros elementos de an\u00e1lisis.<\/p>\n<p>Inscripciones, tanto de personas en particular como instituciones educativas, en la oficina de la Direcci\u00f3n de Capacitaciones del Senado (Edificio Anexo de la Legislatura, Ayacucho 560). Por consultas, escribir al mail\u00a0<a href=\"mailto:construyendomifuturo@senadodecatamarca.gob.ar\" target=\"_blank\" rel=\"noopener\">construyendomifuturo@<wbr \/>senadodecatamarca.gob.ar<\/a>.<\/p>\n<p><b>Sobre el programa<\/b><\/p>\n<p>En su fundamentaci\u00f3n, el proyecto habla de la orientaci\u00f3n vocacional como una herramienta clave para brindar mecanismos de auto reconocimiento sobre las propias competencias psicoafectivas y cognitivas que se ponen en juego al momento de elegir una carrera, evitando as\u00ed la deserci\u00f3n.<\/p>\n","protected":false},"excerpt":{"rendered":"<p>Un nuevo grupo de alumnas y alumnos tendr\u00e1 la oportunidad de participar en la pr\u00f3xima entrega del taller gratuito de<\/p>\n","protected":false},"author":1,"featured_media":14853,"comment_status":"closed","ping_status":"closed","sticky":false,"template":"","format":"standard","meta":{"footnotes":"","jetpack_publicize_message":"","jetpack_publicize_feature_enabled":true,"jetpack_social_post_already_shared":true,"jetpack_social_options":{"image_generator_settings":{"template":"highway","enabled":false},"version":2}},"categories":[2],"tags":[],"class_list":["post-14852","post","type-post","status-publish","format-standard","has-post-thumbnail","hentry","category-locales"],"jetpack_publicize_connections":[],"_links":{"self":[{"href":"https:\/\/diariorepublica.com.ar\/web\/index.php\/wp-json\/wp\/v2\/posts\/14852"}],"collection":[{"href":"https:\/\/diariorepublica.com.ar\/web\/index.php\/wp-json\/wp\/v2\/posts"}],"about":[{"href":"https:\/\/diariorepublica.com.ar\/web\/index.php\/wp-json\/wp\/v2\/types\/post"}],"author":[{"embeddable":true,"href":"https:\/\/diariorepublica.com.ar\/web\/index.php\/wp-json\/wp\/v2\/users\/1"}],"replies":[{"embeddable":true,"href":"https:\/\/diariorepublica.com.ar\/web\/index.php\/wp-json\/wp\/v2\/comments?post=14852"}],"version-history":[{"count":1,"href":"https:\/\/diariorepublica.com.ar\/web\/index.php\/wp-json\/wp\/v2\/posts\/14852\/revisions"}],"predecessor-version":[{"id":14854,"href":"https:\/\/diariorepublica.com.ar\/web\/index.php\/wp-json\/wp\/v2\/posts\/14852\/revisions\/14854"}],"wp:featuredmedia":[{"embeddable":true,"href":"https:\/\/diariorepublica.com.ar\/web\/index.php\/wp-json\/wp\/v2\/media\/14853"}],"wp:attachment":[{"href":"https:\/\/diariorepublica.com.ar\/web\/index.php\/wp-json\/wp\/v2\/media?parent=14852"}],"wp:term":[{"taxonomy":"category","embeddable":true,"href":"https:\/\/diariorepublica.com.ar\/web\/index.php\/wp-json\/wp\/v2\/categories?post=14852"},{"taxonomy":"post_tag","embeddable":true,"href":"https:\/\/diariorepublica.com.ar\/web\/index.php\/wp-json\/wp\/v2\/tags?post=14852"}],"curies":[{"name":"wp","href":"https:\/\/api.w.org\/{rel}","templated":true}]}}