{"id":14867,"date":"2024-05-21T00:08:00","date_gmt":"2024-05-21T03:08:00","guid":{"rendered":"https:\/\/diariorepublica.com.ar\/web\/?p=14867"},"modified":"2024-05-21T07:49:23","modified_gmt":"2024-05-21T10:49:23","slug":"rescatan-a-15-argentinas-de-red-de-trata-en-playa-del-carmen","status":"publish","type":"post","link":"https:\/\/diariorepublica.com.ar\/web\/index.php\/nacionales\/2024\/05\/21\/rescatan-a-15-argentinas-de-red-de-trata-en-playa-del-carmen\/","title":{"rendered":"Rescatan a 15 argentinas de red de trata en Playa del Carmen"},"content":{"rendered":"<p>La operaci\u00f3n de rescate fue llevada a cabo por la Fiscal\u00eda General de Justicia (FGJ) de Quintana Roo, que logr\u00f3 liberar a un total de 17 mujeres, incluyendo dos mexicanas, quienes\u00a0<strong>eran explotadas sexual y laboralmente<\/strong>. El operativo se realiz\u00f3\u00a0<strong>en un inmueble situado en la autopista federal que une Canc\u00fan con Tulum.<\/strong><\/p>\n<p>Las mujeres argentinas hab\u00edan sido atra\u00eddas a M\u00e9xico con<strong>\u00a0falsas promesas de empleo<\/strong>\u00a0en hoteles de lujo de Playa del Carmen. Sin embargo, al llegar, se encontraron atrapadas en un infierno de explotaci\u00f3n y jornadas laborales extenuantes en bares y restaurantes.<\/p>\n<p>La Fiscal\u00eda de Quintana Roo inform\u00f3 sobre el operativo mediante un comunicado y present\u00f3 un video del cateo, as\u00ed como im\u00e1genes de los tres detenidos:\u00a0<strong>Luis Alfredo \u201cN\u201d, Emmanuel \u201cN\u201d y \u00c1ngel Alberto \u201cN\u201d. Estos individuos est\u00e1n acusados de ser los responsables de la red de explotaci\u00f3n sexual.<\/strong><\/p>\n<p>Las v\u00edctimas argentinas ahora esperan que se resuelva su situaci\u00f3n migratoria.<\/p>\n<p>Fuente: Infobae<\/p>\n","protected":false},"excerpt":{"rendered":"<p>La operaci\u00f3n de rescate fue llevada a cabo por la Fiscal\u00eda General de Justicia (FGJ) de Quintana Roo, que logr\u00f3<\/p>\n","protected":false},"author":1,"featured_media":14868,"comment_status":"closed","ping_status":"closed","sticky":false,"template":"","format":"standard","meta":{"footnotes":"","jetpack_publicize_message":"","jetpack_publicize_feature_enabled":true,"jetpack_social_post_already_shared":true,"jetpack_social_options":{"image_generator_settings":{"template":"highway","enabled":false},"version":2}},"categories":[4],"tags":[],"class_list":["post-14867","post","type-post","status-publish","format-standard","has-post-thumbnail","hentry","category-nacionales"],"jetpack_publicize_connections":[],"_links":{"self":[{"href":"https:\/\/diariorepublica.com.ar\/web\/index.php\/wp-json\/wp\/v2\/posts\/14867"}],"collection":[{"href":"https:\/\/diariorepublica.com.ar\/web\/index.php\/wp-json\/wp\/v2\/posts"}],"about":[{"href":"https:\/\/diariorepublica.com.ar\/web\/index.php\/wp-json\/wp\/v2\/types\/post"}],"author":[{"embeddable":true,"href":"https:\/\/diariorepublica.com.ar\/web\/index.php\/wp-json\/wp\/v2\/users\/1"}],"replies":[{"embeddable":true,"href":"https:\/\/diariorepublica.com.ar\/web\/index.php\/wp-json\/wp\/v2\/comments?post=14867"}],"version-history":[{"count":1,"href":"https:\/\/diariorepublica.com.ar\/web\/index.php\/wp-json\/wp\/v2\/posts\/14867\/revisions"}],"predecessor-version":[{"id":14869,"href":"https:\/\/diariorepublica.com.ar\/web\/index.php\/wp-json\/wp\/v2\/posts\/14867\/revisions\/14869"}],"wp:featuredmedia":[{"embeddable":true,"href":"https:\/\/diariorepublica.com.ar\/web\/index.php\/wp-json\/wp\/v2\/media\/14868"}],"wp:attachment":[{"href":"https:\/\/diariorepublica.com.ar\/web\/index.php\/wp-json\/wp\/v2\/media?parent=14867"}],"wp:term":[{"taxonomy":"category","embeddable":true,"href":"https:\/\/diariorepublica.com.ar\/web\/index.php\/wp-json\/wp\/v2\/categories?post=14867"},{"taxonomy":"post_tag","embeddable":true,"href":"https:\/\/diariorepublica.com.ar\/web\/index.php\/wp-json\/wp\/v2\/tags?post=14867"}],"curies":[{"name":"wp","href":"https:\/\/api.w.org\/{rel}","templated":true}]}}