{"id":14885,"date":"2024-05-21T08:19:12","date_gmt":"2024-05-21T11:19:12","guid":{"rendered":"https:\/\/diariorepublica.com.ar\/web\/?p=14885"},"modified":"2024-05-21T08:19:28","modified_gmt":"2024-05-21T11:19:28","slug":"el-gobierno-interrumpe-los-contenidos-de-las-redes-sociales-y-paginas-web-de-los-medios-publicos","status":"publish","type":"post","link":"https:\/\/diariorepublica.com.ar\/web\/index.php\/nacionales\/2024\/05\/21\/el-gobierno-interrumpe-los-contenidos-de-las-redes-sociales-y-paginas-web-de-los-medios-publicos\/","title":{"rendered":"El Gobierno interrumpe los contenidos de las redes sociales y p\u00e1ginas web de los medios p\u00fablicos"},"content":{"rendered":"<p class=\"com-paragraph  --capital --s\">El Gobierno decidi\u00f3 \u201c<strong>pausar temporalmente todos los contenidos de redes sociales y p\u00e1ginas web de los medios p\u00fablicos<\/strong>\u201d, seg\u00fan afirm\u00f3 en un comunicado en la medianoche de este martes. Esta medida abarca a la\u00a0<strong>Televisi\u00f3n P\u00fablica, Radio Nacional y sus emisoras del interior, FM Cl\u00e1sica, FM Rock, FM Folcl\u00f3rica<\/strong>.<\/p>\n<p class=\"com-paragraph   --s\">A trav\u00e9s de una resoluci\u00f3n publicada por el interventor de Radio Televisi\u00f3n Argentina (RTA),\u00a0<strong>Diego Chaher<\/strong>, adem\u00e1s, se estableci\u00f3 que<strong>\u00a0la gesti\u00f3n de las redes sociales y p\u00e1ginas webs de los medios p\u00fablicos pasen a ser administradas por la Gerencia de Medios Digitales y Relaciones Institucionales de RTA<\/strong>\u00a0\u201chasta que se reorganicen los procesos y contenidos de la comunicaci\u00f3n de la empresa\u201d.<\/p>\n<p>El Gobierno justific\u00f3 la decisi\u00f3n al afirmar que \u201c<strong>los medios p\u00fablicos se encuentran en un proceso de reorganizaci\u00f3n\u00a0<\/strong>que tiene como objetivo mejorar la producci\u00f3n, realizaci\u00f3n y difusi\u00f3n de los contenidos que se generan\u201d.<\/p>\n<p>En la medida, que tambi\u00e9n alcanza al\u00a0<strong>Canal Encuentro<\/strong>\u00a0y a\u00a0<strong>Paka Paka<\/strong>, el interventor remarc\u00f3 que la intenci\u00f3n es \u201c<strong>unificar los criterios de difusi\u00f3n en redes sociales<\/strong>\u201d para despu\u00e9s \u201c<strong>reiniciar la comunicaci\u00f3n digital luego de una reorganizaci\u00f3n interna de las empresas<\/strong>\u201d.<\/p>\n<p>os medios nacionales se encuentran intervenidos desde febrero. El servicio abarca la agencia de noticias T\u00e9lam, Radio y Televisi\u00f3n Argentina, Contenidos P\u00fablicos y la plataforma\u00a0<a class=\"com-link\" title=\"Educ.ar\" href=\"https:\/\/educ.ar\/\" target=\"_blank\" rel=\"nofollow noopener\" data-mrf-link=\"https:\/\/educ.ar\/\">Educ.ar<\/a>. Entre las \u00faltimas medidas tomadas por la intervenci\u00f3n, las autoridades resolvieron la semana pasada\u00a0<strong>anular el convenio con el canal Telesur que hab\u00eda sido firmado por el gobierno anterior<\/strong>. Casa Rosada determin\u00f3 volver a apartarlo de la programaci\u00f3n de la Televisi\u00f3n Digital Abierta (TDA), luego de que lo reimplantara la gesti\u00f3n de Alberto Fern\u00e1ndez.<\/p>\n<p>Fuente: lanacion.com.ar<\/p>\n","protected":false},"excerpt":{"rendered":"<p>El Gobierno decidi\u00f3 \u201cpausar temporalmente todos los contenidos de redes sociales y p\u00e1ginas web de los medios p\u00fablicos\u201d, seg\u00fan afirm\u00f3<\/p>\n","protected":false},"author":1,"featured_media":14886,"comment_status":"closed","ping_status":"closed","sticky":false,"template":"","format":"standard","meta":{"footnotes":"","jetpack_publicize_message":"","jetpack_publicize_feature_enabled":true,"jetpack_social_post_already_shared":true,"jetpack_social_options":{"image_generator_settings":{"template":"highway","enabled":false},"version":2}},"categories":[4],"tags":[],"class_list":["post-14885","post","type-post","status-publish","format-standard","has-post-thumbnail","hentry","category-nacionales"],"jetpack_publicize_connections":[],"_links":{"self":[{"href":"https:\/\/diariorepublica.com.ar\/web\/index.php\/wp-json\/wp\/v2\/posts\/14885"}],"collection":[{"href":"https:\/\/diariorepublica.com.ar\/web\/index.php\/wp-json\/wp\/v2\/posts"}],"about":[{"href":"https:\/\/diariorepublica.com.ar\/web\/index.php\/wp-json\/wp\/v2\/types\/post"}],"author":[{"embeddable":true,"href":"https:\/\/diariorepublica.com.ar\/web\/index.php\/wp-json\/wp\/v2\/users\/1"}],"replies":[{"embeddable":true,"href":"https:\/\/diariorepublica.com.ar\/web\/index.php\/wp-json\/wp\/v2\/comments?post=14885"}],"version-history":[{"count":2,"href":"https:\/\/diariorepublica.com.ar\/web\/index.php\/wp-json\/wp\/v2\/posts\/14885\/revisions"}],"predecessor-version":[{"id":14888,"href":"https:\/\/diariorepublica.com.ar\/web\/index.php\/wp-json\/wp\/v2\/posts\/14885\/revisions\/14888"}],"wp:featuredmedia":[{"embeddable":true,"href":"https:\/\/diariorepublica.com.ar\/web\/index.php\/wp-json\/wp\/v2\/media\/14886"}],"wp:attachment":[{"href":"https:\/\/diariorepublica.com.ar\/web\/index.php\/wp-json\/wp\/v2\/media?parent=14885"}],"wp:term":[{"taxonomy":"category","embeddable":true,"href":"https:\/\/diariorepublica.com.ar\/web\/index.php\/wp-json\/wp\/v2\/categories?post=14885"},{"taxonomy":"post_tag","embeddable":true,"href":"https:\/\/diariorepublica.com.ar\/web\/index.php\/wp-json\/wp\/v2\/tags?post=14885"}],"curies":[{"name":"wp","href":"https:\/\/api.w.org\/{rel}","templated":true}]}}