{"id":14889,"date":"2024-05-21T08:20:53","date_gmt":"2024-05-21T11:20:53","guid":{"rendered":"https:\/\/diariorepublica.com.ar\/web\/?p=14889"},"modified":"2024-05-21T08:20:55","modified_gmt":"2024-05-21T11:20:55","slug":"sin-pacto-de-mayo-javier-milei-igual-ira-a-cordoba-para-celebrar-un-acto-popular","status":"publish","type":"post","link":"https:\/\/diariorepublica.com.ar\/web\/index.php\/politica\/2024\/05\/21\/sin-pacto-de-mayo-javier-milei-igual-ira-a-cordoba-para-celebrar-un-acto-popular\/","title":{"rendered":"Sin Pacto de Mayo, Javier Milei igual ir\u00e1 a C\u00f3rdoba para celebrar un acto popular"},"content":{"rendered":"<article class=\"article-body article-body--first-paragraph content-protected-false\" data-td-script-src=\"https:\/\/www.ambito.com\/td\/modulos\/encuestas\/js\/function-embeds-min-version-1716005214.js\">\u201c<strong>El 25 de Mayo habr\u00e1 un acto en C\u00f3rdoba para conmemorar un nuevo aniversario de la Revoluci\u00f3n de Mayo y la formaci\u00f3n del primer Gobierno Patrio\u201d,<\/strong>\u00a0anticip\u00f3 una fuente de la Casa Rosada.<\/p>\n<\/article>\n<article class=\"article-body article-body--second-paragraph content-protected-false\">Si bien el Jefe de Estado quer\u00eda dejar establecido para esa fecha el\u00a0<strong>Pacto de Mayo<\/strong>,\u00a0se decidi\u00f3 finalmente realizar un acto debido a que el Senado a\u00fan no aprob\u00f3 un dictamen para que se trate la Ley de Bases en el recinto.<\/p>\n<article class=\"article-body article-body--third-paragraph content-protected-false\">En principio,\u00a0<strong>ser\u00e1 un acto popular, \u201cun Cabildo Abierto\u201d y no se cursar\u00e1n invitaciones a los mandatarios provinciales<\/strong>. El \u00fanico orador ser\u00e1 el presidente\u00a0<strong>Javier Milei<\/strong>\u00a0quien ir\u00e1 acompa\u00f1ado de miembros de su gabinete. La idea es llevarlo a cabo en el Cabildo de C\u00f3rdoba y se convocar\u00e1 a la ciudadan\u00eda. El acto se estima que se llevar\u00e1 a cabo a partir de las 17 horas aproximadamente, aunque en el curso de la semana se ir\u00e1n conociendo m\u00e1s detalles.<\/p>\n<\/article>\n<article class=\"article-body article-body--fourth-paragraph content-protected-false\">Respecto al Pacto de Mayo comentan fuentes de la Casa Rosada,<strong>\u00a0que \u201cno hay apuro por firmar\u201d\u00a0<\/strong>y lo explican con el prop\u00f3sito de lograr el mayor consenso.<\/p>\n<\/article>\n<article class=\"article-body article-body--remaining-paragraph content-protected-false\">Independientemente del mes en que se firme,<strong>\u00a0la intenci\u00f3n oficial es que igualmente se llame Pacto de Mayo<\/strong>\u00a0ya que ser\u00eda un acuerdo mayoritario para establecer los principios de gobierno, emulando la doctrina de 1810, insisten las fuentes.<\/p>\n<p><strong>\u201cBuscamos generar las bases de un pacto a largo plazo con criterios econ\u00f3micos b\u00e1sicos para generar estabilidad\u201d,<\/strong>\u00a0la estabilidad es una de las claves fundamentales para establecer los par\u00e1metros para el crecimiento de los pr\u00f3ximos 30 a\u00f1os.<\/p>\n<p>Reiteran que el Pacto de Mayo tiene que contar con el acuerdo mayoritario de gobernadores, legisladores, lideres sindicalistas y la iglesia, entre otros actores sociales.<\/p>\n<p>Por su parte, el gobierno de C\u00f3rdoba,<strong>\u00a0Mart\u00edn Llaryora<\/strong>, a trav\u00e9s de un comunicado hizo saber que, en caso de confirmarse la visita del presidente a la provincia \u201crespetando la institucionalidad que requiere la ocasi\u00f3n, el Gobernador acompa\u00f1ar\u00e1 la agenda prevista por el Primer Mandatario\u201d.<\/p>\n<p>Asimismo, inform\u00f3 que, la provincia \u201cha puesto a disposici\u00f3n de los organismos nacionales pertinentes, todo lo necesario para que este acontecimiento institucional pueda ser acompa\u00f1ado por el pueblo de C\u00f3rdoba\u201d.<\/p>\n<p>ambito.com<\/p>\n<\/article>\n<\/article>\n","protected":false},"excerpt":{"rendered":"<p>\u201cEl 25 de Mayo habr\u00e1 un acto en C\u00f3rdoba para conmemorar un nuevo aniversario de la Revoluci\u00f3n de Mayo y<\/p>\n","protected":false},"author":1,"featured_media":14890,"comment_status":"closed","ping_status":"closed","sticky":false,"template":"","format":"standard","meta":{"footnotes":"","jetpack_publicize_message":"","jetpack_publicize_feature_enabled":true,"jetpack_social_post_already_shared":true,"jetpack_social_options":{"image_generator_settings":{"template":"highway","enabled":false},"version":2}},"categories":[12],"tags":[],"class_list":["post-14889","post","type-post","status-publish","format-standard","has-post-thumbnail","hentry","category-politica"],"jetpack_publicize_connections":[],"_links":{"self":[{"href":"https:\/\/diariorepublica.com.ar\/web\/index.php\/wp-json\/wp\/v2\/posts\/14889"}],"collection":[{"href":"https:\/\/diariorepublica.com.ar\/web\/index.php\/wp-json\/wp\/v2\/posts"}],"about":[{"href":"https:\/\/diariorepublica.com.ar\/web\/index.php\/wp-json\/wp\/v2\/types\/post"}],"author":[{"embeddable":true,"href":"https:\/\/diariorepublica.com.ar\/web\/index.php\/wp-json\/wp\/v2\/users\/1"}],"replies":[{"embeddable":true,"href":"https:\/\/diariorepublica.com.ar\/web\/index.php\/wp-json\/wp\/v2\/comments?post=14889"}],"version-history":[{"count":1,"href":"https:\/\/diariorepublica.com.ar\/web\/index.php\/wp-json\/wp\/v2\/posts\/14889\/revisions"}],"predecessor-version":[{"id":14891,"href":"https:\/\/diariorepublica.com.ar\/web\/index.php\/wp-json\/wp\/v2\/posts\/14889\/revisions\/14891"}],"wp:featuredmedia":[{"embeddable":true,"href":"https:\/\/diariorepublica.com.ar\/web\/index.php\/wp-json\/wp\/v2\/media\/14890"}],"wp:attachment":[{"href":"https:\/\/diariorepublica.com.ar\/web\/index.php\/wp-json\/wp\/v2\/media?parent=14889"}],"wp:term":[{"taxonomy":"category","embeddable":true,"href":"https:\/\/diariorepublica.com.ar\/web\/index.php\/wp-json\/wp\/v2\/categories?post=14889"},{"taxonomy":"post_tag","embeddable":true,"href":"https:\/\/diariorepublica.com.ar\/web\/index.php\/wp-json\/wp\/v2\/tags?post=14889"}],"curies":[{"name":"wp","href":"https:\/\/api.w.org\/{rel}","templated":true}]}}