{"id":14892,"date":"2024-05-21T10:21:00","date_gmt":"2024-05-21T13:21:00","guid":{"rendered":"https:\/\/diariorepublica.com.ar\/web\/?p=14892"},"modified":"2024-05-21T08:24:33","modified_gmt":"2024-05-21T11:24:33","slug":"river-vs-temperley-por-la-copa-argentina","status":"publish","type":"post","link":"https:\/\/diariorepublica.com.ar\/web\/index.php\/deportes\/2024\/05\/21\/river-vs-temperley-por-la-copa-argentina\/","title":{"rendered":"River vs. Temperley, por la Copa Argentina"},"content":{"rendered":"<p><b>River <\/b>jugar\u00e1 contra\u00a0<b>Temperley\u00a0<\/b>este martes desde las 21.10 en el estadio Malvinas Argentinas de Mendoza, por los 16avos de final de la\u00a0<b>Copa Argentina<\/b>, y el entrenador\u00a0<b>Mart\u00edn Demichelis<\/b>\u00a0pondr\u00e1 lo mejor que tiene a disposici\u00f3n.<\/p>\n<p>Teniendo en cuenta el equipo que fue desde el arranque en el 3-0 a\u00a0<b>Belgrano\u00a0<\/b>en el Monumental,\u00a0<b>Demichelis\u00a0<\/b>volver\u00e1 a poner en la cancha a los titulares habituales que estuvieron en el banco de los suplentes en el \u00faltimo encuentro.<\/p>\n<p>En tanto,\u00a0<b>Milton Casco<\/b>\u00a0volver\u00e1 al lateral izquierdo por\u00a0<b>Enzo D\u00edaz<\/b>;\u00a0<b>Nacho Fern\u00e1ndez\u00a0<\/b>regresar\u00e1 en lugar de\u00a0<b>Santiago Sim\u00f3n<\/b>;<b>\u00a0Rodrigo Villagra\u00a0<\/b>ingresar\u00e1 por\u00a0<b>Esequiel Barco<\/b>\u00a0y<b>\u00a0Facundo Colidio<\/b>\u00a0entrar\u00e1 por\u00a0<b>Pablo Solari, Rodrigo Aliendro se<\/b>r\u00e1 evaluado por el golpe intercostal que lo descart\u00f3 del duelo ante el Pirata y, si est\u00e1 bien, jugar\u00e1 de arranque. <b>Sino su reemplazante ser\u00eda Nicol\u00e1s Fonseca<\/b>.<\/p>\n<h6>Las Bajas<\/h6>\n<ul>\n<li><b>Ramiro Funes Mori<\/b>: sigue trabajando diferenciado, ya super\u00f3 los 60 d\u00edas de recuperaci\u00f3n, pero a\u00fan persiste la molestia por sinovitis en su rodilla izquierda. Fue informada el 4 de marzo y estar\u00e1 en condiciones reci\u00e9n para la pretemporada (1\u00b0 de julio)<\/li>\n<li><b>Daniel Zabala<\/b>: el 2 de mayo fue sometido a una artroscopia en su rodilla izquierda. El diagn\u00f3stico era s\u00edndrome meniscal. Estar\u00e1 disponible reci\u00e9n para la pretemporada\u00a0(1\u00b0 de julio)<\/li>\n<li><b>Manuel Lanzini<\/b>: se cumplieron dos semanas de recuperaci\u00f3n de la fractura en el primer metatarsiano del pie derecho. Tiene para tres semanas m\u00e1s, como m\u00ednimo<\/li>\n<li><b>Gonzalo Mart\u00ednez<\/b>: apunta a regresar al 100 por ciento las primeras semanas de octubre. El 24 de enero se oper\u00f3 de ligamentos cruzados de su rodilla izquierda<\/li>\n<\/ul>\n<ul>\n<li><u>Hora<\/u>: 21.10<\/li>\n<li><u>Estadio<\/u>: Malvinas Argentinas (Mendoza)<\/li>\n<li><u>\u00c1rbitro<\/u>: Sebasti\u00e1n Zunino<\/li>\n<li><u>TV<\/u>: TyC Sports<\/li>\n<li><u>Streaming<\/u>:\u00a0<a href=\"https:\/\/play.tycsports.com\/\" target=\"_blank\" rel=\"noopener\">TyC Sports Play<\/a><\/li>\n<\/ul>\n<p>tycsports.com<\/p>\n","protected":false},"excerpt":{"rendered":"<p>River jugar\u00e1 contra\u00a0Temperley\u00a0este martes desde las 21.10 en el estadio Malvinas Argentinas de Mendoza, por los 16avos de final de<\/p>\n","protected":false},"author":1,"featured_media":14893,"comment_status":"closed","ping_status":"closed","sticky":false,"template":"","format":"standard","meta":{"footnotes":"","jetpack_publicize_message":"","jetpack_publicize_feature_enabled":true,"jetpack_social_post_already_shared":true,"jetpack_social_options":{"image_generator_settings":{"template":"highway","enabled":false},"version":2}},"categories":[9],"tags":[],"class_list":["post-14892","post","type-post","status-publish","format-standard","has-post-thumbnail","hentry","category-deportes"],"jetpack_publicize_connections":[],"_links":{"self":[{"href":"https:\/\/diariorepublica.com.ar\/web\/index.php\/wp-json\/wp\/v2\/posts\/14892"}],"collection":[{"href":"https:\/\/diariorepublica.com.ar\/web\/index.php\/wp-json\/wp\/v2\/posts"}],"about":[{"href":"https:\/\/diariorepublica.com.ar\/web\/index.php\/wp-json\/wp\/v2\/types\/post"}],"author":[{"embeddable":true,"href":"https:\/\/diariorepublica.com.ar\/web\/index.php\/wp-json\/wp\/v2\/users\/1"}],"replies":[{"embeddable":true,"href":"https:\/\/diariorepublica.com.ar\/web\/index.php\/wp-json\/wp\/v2\/comments?post=14892"}],"version-history":[{"count":1,"href":"https:\/\/diariorepublica.com.ar\/web\/index.php\/wp-json\/wp\/v2\/posts\/14892\/revisions"}],"predecessor-version":[{"id":14894,"href":"https:\/\/diariorepublica.com.ar\/web\/index.php\/wp-json\/wp\/v2\/posts\/14892\/revisions\/14894"}],"wp:featuredmedia":[{"embeddable":true,"href":"https:\/\/diariorepublica.com.ar\/web\/index.php\/wp-json\/wp\/v2\/media\/14893"}],"wp:attachment":[{"href":"https:\/\/diariorepublica.com.ar\/web\/index.php\/wp-json\/wp\/v2\/media?parent=14892"}],"wp:term":[{"taxonomy":"category","embeddable":true,"href":"https:\/\/diariorepublica.com.ar\/web\/index.php\/wp-json\/wp\/v2\/categories?post=14892"},{"taxonomy":"post_tag","embeddable":true,"href":"https:\/\/diariorepublica.com.ar\/web\/index.php\/wp-json\/wp\/v2\/tags?post=14892"}],"curies":[{"name":"wp","href":"https:\/\/api.w.org\/{rel}","templated":true}]}}