{"id":14914,"date":"2024-05-21T10:57:18","date_gmt":"2024-05-21T13:57:18","guid":{"rendered":"https:\/\/diariorepublica.com.ar\/web\/?p=14914"},"modified":"2024-05-21T10:57:21","modified_gmt":"2024-05-21T13:57:21","slug":"91-casos-de-dengue-en-la-provincia","status":"publish","type":"post","link":"https:\/\/diariorepublica.com.ar\/web\/index.php\/sociedad\/2024\/05\/21\/91-casos-de-dengue-en-la-provincia\/","title":{"rendered":"91 casos de dengue en la provincia"},"content":{"rendered":"<p>El Ministerio de Salud informa que durante la Semana Epidemiol\u00f3gica 20, del 13 al 19 de mayo de 2024, se registraron 91 nuevos casos de Dengue.<\/p>\n<p>El total acumulado de casos en el a\u00f1o 2024 es de 11.347, de los cuales corresponden 37 al departamento Ambato, 38 a Ancasti, 154 a Andalgal\u00e1, 72 a Bel\u00e9n, 586 a Capay\u00e1n, 7.981 a Capital, 6 a El Alto, 187 a Fray Mamerto Esqui\u00fa, 573 a La Paz, 39 a Pacl\u00edn, 267 a Pom\u00e1n, 1 a Santa Mar\u00eda, 477 a Santa Rosa, 96 a Tinogasta, 732 a Valle Viejo y 101 en investigaci\u00f3n. Sobre el total de casos, 8.180 se consideran aut\u00f3ctonos, 72 importados y 3.095 en investigaci\u00f3n.<\/p>\n<p>En la \u00faltima Semana Epidemiol\u00f3gica no se notificaron fallecidos por Dengue.<\/p>\n<p>Se ruega a la comunidad mantener e intensificar las medidas de prevenci\u00f3n, eliminando todos los recipientes que puedan acumular agua y generar criaderos del mosquito, as\u00ed como evitar las picaduras de mosquitos a trav\u00e9s del uso de repelentes corporales y ambientales.<\/p>\n","protected":false},"excerpt":{"rendered":"<p>El Ministerio de Salud informa que durante la Semana Epidemiol\u00f3gica 20, del 13 al 19 de mayo de 2024, se<\/p>\n","protected":false},"author":1,"featured_media":14915,"comment_status":"closed","ping_status":"closed","sticky":false,"template":"","format":"standard","meta":{"footnotes":"","jetpack_publicize_message":"","jetpack_publicize_feature_enabled":true,"jetpack_social_post_already_shared":true,"jetpack_social_options":{"image_generator_settings":{"template":"highway","enabled":false},"version":2}},"categories":[3],"tags":[],"class_list":["post-14914","post","type-post","status-publish","format-standard","has-post-thumbnail","hentry","category-sociedad"],"jetpack_publicize_connections":[],"_links":{"self":[{"href":"https:\/\/diariorepublica.com.ar\/web\/index.php\/wp-json\/wp\/v2\/posts\/14914"}],"collection":[{"href":"https:\/\/diariorepublica.com.ar\/web\/index.php\/wp-json\/wp\/v2\/posts"}],"about":[{"href":"https:\/\/diariorepublica.com.ar\/web\/index.php\/wp-json\/wp\/v2\/types\/post"}],"author":[{"embeddable":true,"href":"https:\/\/diariorepublica.com.ar\/web\/index.php\/wp-json\/wp\/v2\/users\/1"}],"replies":[{"embeddable":true,"href":"https:\/\/diariorepublica.com.ar\/web\/index.php\/wp-json\/wp\/v2\/comments?post=14914"}],"version-history":[{"count":1,"href":"https:\/\/diariorepublica.com.ar\/web\/index.php\/wp-json\/wp\/v2\/posts\/14914\/revisions"}],"predecessor-version":[{"id":14916,"href":"https:\/\/diariorepublica.com.ar\/web\/index.php\/wp-json\/wp\/v2\/posts\/14914\/revisions\/14916"}],"wp:featuredmedia":[{"embeddable":true,"href":"https:\/\/diariorepublica.com.ar\/web\/index.php\/wp-json\/wp\/v2\/media\/14915"}],"wp:attachment":[{"href":"https:\/\/diariorepublica.com.ar\/web\/index.php\/wp-json\/wp\/v2\/media?parent=14914"}],"wp:term":[{"taxonomy":"category","embeddable":true,"href":"https:\/\/diariorepublica.com.ar\/web\/index.php\/wp-json\/wp\/v2\/categories?post=14914"},{"taxonomy":"post_tag","embeddable":true,"href":"https:\/\/diariorepublica.com.ar\/web\/index.php\/wp-json\/wp\/v2\/tags?post=14914"}],"curies":[{"name":"wp","href":"https:\/\/api.w.org\/{rel}","templated":true}]}}