{"id":14935,"date":"2024-05-22T00:08:00","date_gmt":"2024-05-22T03:08:00","guid":{"rendered":"https:\/\/diariorepublica.com.ar\/web\/?p=14935"},"modified":"2024-05-22T07:30:15","modified_gmt":"2024-05-22T10:30:15","slug":"adorni-confirmo-que-javier-milei-presentara-su-libro-y-hara-un-show-en-el-luna-park","status":"publish","type":"post","link":"https:\/\/diariorepublica.com.ar\/web\/index.php\/politica\/2024\/05\/22\/adorni-confirmo-que-javier-milei-presentara-su-libro-y-hara-un-show-en-el-luna-park\/","title":{"rendered":"Adorni confirm\u00f3 que Javier Milei presentar\u00e1 su libro y har\u00e1 un show en el Luna Park"},"content":{"rendered":"<article id=\"article-post\" class=\"first\">\n<div class=\"cuerpo\" data-twitter-link=\"https:\/\/twitter.com\/intent\/tweet?url=https:\/\/www.diariopopular.com.ar\/c787613&amp;via=poopulardiario&amp;related=Popular&amp;text=\">\n<p>El presidente\u00a0<strong>Javier Milei<\/strong> presentar\u00e1\u00a0 su libro en el estadio Luna Park y la organizaci\u00f3n del evento se har\u00e1 en dos partes:\u00a0<strong>primero har\u00e1 una exposici\u00f3n de \u00abCapitalismo, socialismo y la trampa neocl\u00e1sica\u00bb,\u00a0<\/strong>y luego el mandatario dar\u00e1 un show en el que cantar\u00e1 y ser\u00e1 \u201cla figura relevante\u201d.<\/p>\n<\/div>\n<\/article>\n<article id=\"article-post\">\n<div class=\"cuerpo\" data-twitter-link=\"https:\/\/twitter.com\/intent\/tweet?url=https:\/\/www.diariopopular.com.ar\/c787613&amp;via=poopulardiario&amp;related=Popular&amp;text=\">\n<p>As\u00ed lo inform\u00f3 este martes el vocero presidencial,\u00a0<strong>Manuel Adorni,<\/strong>\u00a0quien se\u00f1alo que el mandatario protagonizar\u00e1 la presentaci\u00f3n de su obra junto al diputado de La Libertad Avanza\u00a0<strong>Jos\u00e9 Luis Espert\u00a0<\/strong>y el propio vocero.<\/p>\n<p><strong>\u201cEl Presidente va a realizar la presentaci\u00f3n, la cual va a tener dos partes: una donde ser\u00e1 la presentaci\u00f3n del libro y en la otra es un show en el que Milei va a participar donde \u00e9l mismo va a cantar y va a ser la figura relevante\u201d<\/strong>, revel\u00f3 en la habitual conferencia de prensa.<\/p>\n<p>El jefe de Estado, quien supo integrar una banda tributo a los\u00a0<strong>Rolling Stones<\/strong>, solo cantar\u00e1\u00a0<strong>Panic Show<\/strong>\u00a0de La Renga, una canci\u00f3n que lo destac\u00f3 en la campa\u00f1a electoral, y que utiliza para iniciar sus exposiciones.<\/p>\n<p>Incluso, durante su exposici\u00f3n en el acto de Vox, en Madrid, cant\u00f3 una versi\u00f3n propia:\u00a0<strong>\u201cHola a todos, yo soy el le\u00f3n\u2026 lloran los zurdos\u201d.<\/strong>\u00a0De esa forma, se present\u00f3 ante el p\u00fablico conservador que dio el presente en el Europa Viva 2024.<\/p>\n<p>A pesar de los trascendidos que hablaban de una puesta en escena en el que el mandatario se presentara como boxeador, debido a la sede que utilizar\u00e1 para la presentaci\u00f3n,\u00a0<strong>fuentes de gobierno descartaron la posibilidad.<\/strong><\/p>\n<\/div>\n<\/article>\n","protected":false},"excerpt":{"rendered":"<p>El presidente\u00a0Javier Milei presentar\u00e1\u00a0 su libro en el estadio Luna Park y la organizaci\u00f3n del evento se har\u00e1 en dos<\/p>\n","protected":false},"author":1,"featured_media":14936,"comment_status":"closed","ping_status":"closed","sticky":false,"template":"","format":"standard","meta":{"footnotes":"","jetpack_publicize_message":"","jetpack_publicize_feature_enabled":true,"jetpack_social_post_already_shared":true,"jetpack_social_options":{"image_generator_settings":{"template":"highway","enabled":false},"version":2}},"categories":[12],"tags":[],"class_list":["post-14935","post","type-post","status-publish","format-standard","has-post-thumbnail","hentry","category-politica"],"jetpack_publicize_connections":[],"_links":{"self":[{"href":"https:\/\/diariorepublica.com.ar\/web\/index.php\/wp-json\/wp\/v2\/posts\/14935"}],"collection":[{"href":"https:\/\/diariorepublica.com.ar\/web\/index.php\/wp-json\/wp\/v2\/posts"}],"about":[{"href":"https:\/\/diariorepublica.com.ar\/web\/index.php\/wp-json\/wp\/v2\/types\/post"}],"author":[{"embeddable":true,"href":"https:\/\/diariorepublica.com.ar\/web\/index.php\/wp-json\/wp\/v2\/users\/1"}],"replies":[{"embeddable":true,"href":"https:\/\/diariorepublica.com.ar\/web\/index.php\/wp-json\/wp\/v2\/comments?post=14935"}],"version-history":[{"count":1,"href":"https:\/\/diariorepublica.com.ar\/web\/index.php\/wp-json\/wp\/v2\/posts\/14935\/revisions"}],"predecessor-version":[{"id":14937,"href":"https:\/\/diariorepublica.com.ar\/web\/index.php\/wp-json\/wp\/v2\/posts\/14935\/revisions\/14937"}],"wp:featuredmedia":[{"embeddable":true,"href":"https:\/\/diariorepublica.com.ar\/web\/index.php\/wp-json\/wp\/v2\/media\/14936"}],"wp:attachment":[{"href":"https:\/\/diariorepublica.com.ar\/web\/index.php\/wp-json\/wp\/v2\/media?parent=14935"}],"wp:term":[{"taxonomy":"category","embeddable":true,"href":"https:\/\/diariorepublica.com.ar\/web\/index.php\/wp-json\/wp\/v2\/categories?post=14935"},{"taxonomy":"post_tag","embeddable":true,"href":"https:\/\/diariorepublica.com.ar\/web\/index.php\/wp-json\/wp\/v2\/tags?post=14935"}],"curies":[{"name":"wp","href":"https:\/\/api.w.org\/{rel}","templated":true}]}}