{"id":15007,"date":"2024-05-23T06:25:00","date_gmt":"2024-05-23T09:25:00","guid":{"rendered":"https:\/\/diariorepublica.com.ar\/web\/?p=15007"},"modified":"2024-05-23T07:27:05","modified_gmt":"2024-05-23T10:27:05","slug":"javier-milei-presento-su-nuevo-libro-en-el-luna-park","status":"publish","type":"post","link":"https:\/\/diariorepublica.com.ar\/web\/index.php\/politica\/2024\/05\/23\/javier-milei-presento-su-nuevo-libro-en-el-luna-park\/","title":{"rendered":"Javier Milei present\u00f3 su nuevo libro en el Luna Park"},"content":{"rendered":"<article id=\"article-post\" class=\"first\">\n<div class=\"cuerpo\" data-twitter-link=\"https:\/\/twitter.com\/intent\/tweet?url=https:\/\/www.diariopopular.com.ar\/c787826&amp;via=poopulardiario&amp;related=Popular&amp;text=\">\n<p><strong>El presidente Javier Milei present\u00f3 este mi\u00e9rcoles su \u00faltimo libro con fuerte presencia de dirigentes de La Libertad Avanza, militantes, economistas y personajes del espect\u00e1culo, que se dieron cita en el estadio Luna Park.<\/strong><\/p>\n<\/div>\n<\/article>\n<article id=\"article-post\">\n<div class=\"cuerpo\" data-twitter-link=\"https:\/\/twitter.com\/intent\/tweet?url=https:\/\/www.diariopopular.com.ar\/c787826&amp;via=poopulardiario&amp;related=Popular&amp;text=\">\n<p>En la primera fila del evento estuvieron la hermana del mandatario y secretaria general de la Presidencia, Karina Milei; la vicepresidenta Victoria Villarruel; los ministros del Interior, Guillermo Francos; de Econom\u00eda, Luis \u00abToto\u00bb Caputo; de Seguridad, Patricia Bullrich; de Capital Humano, Sandra Pettovello; el secretario de Turismo, Ambiente y Deportes, Daniel Scioli; y el diputado oficialista Jos\u00e9 Luis Espert.<\/p>\n<p>Tambi\u00e9n se ubic\u00f3 en ese lugar principal la actriz Amalia \u00abYuyito\u00bb Gonz\u00e1lez; el presidente de la C\u00e1mara de Diputados, Mart\u00edn Menem; los diputados Hern\u00e1n Lombardi, Diego Santilli y Alberto Benegas Lynch; el jefe del bloque de diputados nacionales del PRO, Cristian Ritondo, y los influencers libertarios I\u00f1aki Guti\u00e9rrez y Eugenia Rol\u00f3n.<\/p>\n<p>En lugares expectantes adem\u00e1s estuvieron el vocero presidencial, Manuel Adorni; el secretario de Comunicaci\u00f3n, Eduardo Serenellini; y la diputada nacional Lilia Lemoine, entre otros.<\/p>\n<div id=\"embed3_wrap\" class=\"embed_cont type_freetext\" contenteditable=\"false\">\n<div id=\"embed3_content\" class=\"embed_content\">\n<div id=\"embed3_embed\"><iframe loading=\"lazy\" title=\"YouTube video player\" src=\"https:\/\/www.youtube.com\/embed\/g_R4osxLt-U?si=VgB-eam9OWyN6xCj\" width=\"560\" height=\"315\" frameborder=\"0\" allowfullscreen=\"allowfullscreen\" data-gtm-yt-inspected-11=\"true\" data-mce-fragment=\"1\"><\/iframe><\/div>\n<\/div>\n<div id=\"embed3_epigrafe\" class=\"embed_epigrafe\"><\/div>\n<div id=\"embed3_copyright\" class=\"embed_copyright\"><\/div>\n<\/div>\n<p>El mandatario arranc\u00f3 con una iron\u00eda: les mand\u00f3 \u00abun saludo\u00bb a los organizadores de la Feria del Libro, ya que sin ellos no hubiera existido el evento en el Luna Park, al que denomin\u00f3 \u00abfiesta\u00bb.<\/p>\n<p>\u00abGracias kirchneristas\u00bb, se burl\u00f3 Milei, luego del cruce con las autoridades de la Feria y que frustr\u00f3 su presentaci\u00f3n.<\/p>\n<p>Tambi\u00e9n, mientras contaba de qu\u00e9 se trataba su nueva obra, hizo un chiste con respecto al conflicto que se desat\u00f3 con el presidente espa\u00f1ol Pedro S\u00e1nchez. \u201cMondino me va a pedir horas extras\u00bb, dijo y la multitud que cop\u00f3 el Luna Park estall\u00f3 al grito de \u00abS\u00e1nchez, compadre, la concha de tu madre\u00bb.<\/p>\n<p>Tambi\u00e9n se escucharon cantitos contra la expresidenta Cristina Kirchner, a quien acusaron de corrupta, y Milei agreg\u00f3: \u00abTienen raz\u00f3n\u00bb.<\/p>\n<article id=\"article-post\">\n<div class=\"cuerpo\" data-twitter-link=\"https:\/\/twitter.com\/intent\/tweet?url=https:\/\/www.diariopopular.com.ar\/c787826&amp;via=poopulardiario&amp;related=Popular&amp;text=\">\n<p>El presidente realiz\u00f3 un discurso y una charla distendida, en la que reflexion\u00f3 que hay que meterse \u00aben el barro\u00bb para que los \u00abzurdos\u00bb no los lleven \u00abpuestos.<\/p>\n<p>\u00abSi no nos metemos en el barro, los zurdos nos llevan puestos, porque lo que les importa es el poder\u00bb, afirm\u00f3 Milei al disertar sobre su obra junto al diputado oficialista Jos\u00e9 Luis Espert y el vocero presidencial, Manuel Adorni.<\/p>\n<p>\u00abEl problema sigue siendo el maldito Estado\u00bb, asegur\u00f3 Milei al dar detalles de su libro \u00abCapitalismo, socialismo y la trampa neocl\u00e1sica\u00bb.<\/p>\n<p>Tambi\u00e9n habl\u00f3 del aborto en varios pasajes de su discurso y dijo que es parte de la \u00abagenda asesina\u00bb.<\/p>\n<p>\u00abLos que se creen tan avanzados con la agenda del aborto, es una agenda que tiene m\u00e1s de tres mil a\u00f1os, y es una agenda absolutamente asesina por un par de salames que hicieron mal las cuentas. Pero el se\u00f1or Milei es un negacionista de la ciencia\u00bb, se quej\u00f3.<\/p>\n<p>\u00abLos fallos de mercado no existen. Si ustedes consideran que hay un fallo de mercado, lo primero que sugiero es que revisen que no haya intervenci\u00f3n del Estado\u00bb, agreg\u00f3 en otro orden Milei.<\/p>\n<p>En total, el acto se extendi\u00f3 por una hora y media, en la que el Presidente fue interrumpido en varias oportunidades por los militantes que lo aplaudieron y vitorearon.<\/p>\n<\/div>\n<\/article>\n<div class=\"object-important-people\"><\/div>\n<div id=\"703855-Libre-1765751851_wrap\" class=\"embed_cont type_imagen\" contenteditable=\"false\"><\/div>\n<\/div>\n<\/article>\n","protected":false},"excerpt":{"rendered":"<p>El presidente Javier Milei present\u00f3 este mi\u00e9rcoles su \u00faltimo libro con fuerte presencia de dirigentes de La Libertad Avanza, militantes,<\/p>\n","protected":false},"author":1,"featured_media":15008,"comment_status":"closed","ping_status":"closed","sticky":false,"template":"","format":"standard","meta":{"footnotes":"","jetpack_publicize_message":"","jetpack_publicize_feature_enabled":true,"jetpack_social_post_already_shared":true,"jetpack_social_options":{"image_generator_settings":{"template":"highway","enabled":false},"version":2}},"categories":[12],"tags":[],"class_list":["post-15007","post","type-post","status-publish","format-standard","has-post-thumbnail","hentry","category-politica"],"jetpack_publicize_connections":[],"_links":{"self":[{"href":"https:\/\/diariorepublica.com.ar\/web\/index.php\/wp-json\/wp\/v2\/posts\/15007"}],"collection":[{"href":"https:\/\/diariorepublica.com.ar\/web\/index.php\/wp-json\/wp\/v2\/posts"}],"about":[{"href":"https:\/\/diariorepublica.com.ar\/web\/index.php\/wp-json\/wp\/v2\/types\/post"}],"author":[{"embeddable":true,"href":"https:\/\/diariorepublica.com.ar\/web\/index.php\/wp-json\/wp\/v2\/users\/1"}],"replies":[{"embeddable":true,"href":"https:\/\/diariorepublica.com.ar\/web\/index.php\/wp-json\/wp\/v2\/comments?post=15007"}],"version-history":[{"count":1,"href":"https:\/\/diariorepublica.com.ar\/web\/index.php\/wp-json\/wp\/v2\/posts\/15007\/revisions"}],"predecessor-version":[{"id":15009,"href":"https:\/\/diariorepublica.com.ar\/web\/index.php\/wp-json\/wp\/v2\/posts\/15007\/revisions\/15009"}],"wp:featuredmedia":[{"embeddable":true,"href":"https:\/\/diariorepublica.com.ar\/web\/index.php\/wp-json\/wp\/v2\/media\/15008"}],"wp:attachment":[{"href":"https:\/\/diariorepublica.com.ar\/web\/index.php\/wp-json\/wp\/v2\/media?parent=15007"}],"wp:term":[{"taxonomy":"category","embeddable":true,"href":"https:\/\/diariorepublica.com.ar\/web\/index.php\/wp-json\/wp\/v2\/categories?post=15007"},{"taxonomy":"post_tag","embeddable":true,"href":"https:\/\/diariorepublica.com.ar\/web\/index.php\/wp-json\/wp\/v2\/tags?post=15007"}],"curies":[{"name":"wp","href":"https:\/\/api.w.org\/{rel}","templated":true}]}}