{"id":15046,"date":"2024-05-23T10:14:41","date_gmt":"2024-05-23T13:14:41","guid":{"rendered":"https:\/\/diariorepublica.com.ar\/web\/?p=15046"},"modified":"2024-05-23T10:14:44","modified_gmt":"2024-05-23T13:14:44","slug":"la-federacion-economica-de-catamarca-respalda-el-proyecto-de-ley-de-bases","status":"publish","type":"post","link":"https:\/\/diariorepublica.com.ar\/web\/index.php\/politica\/2024\/05\/23\/la-federacion-economica-de-catamarca-respalda-el-proyecto-de-ley-de-bases\/","title":{"rendered":"<strong>La Federaci\u00f3n Econ\u00f3mica de Catamarca respalda el proyecto de ley de bases<\/strong>"},"content":{"rendered":"<p>Mediante un comunicado la Federaci\u00f3n Econ\u00f3mica de Catamarca mostr\u00f3 su respaldo total a la aprobaci\u00f3n del proyecto de ley de bases<\/p>\n<p>El comunicado:<\/p>\n<p>\u201cLa Federaci\u00f3n Econ\u00f3mica de Catamarca respalda firmemente la aprobaci\u00f3n del proyecto de ley bases, en el marco del Pacto de Mayo.<\/p>\n<p>Consideramos que esta medida impulsar\u00e1 el crecimiento de nuestra econom\u00eda regional, generando nuevas oportunidades y fortaleciendo los sectores productivos, nos permite generar mayor inversi\u00f3n y contrataci\u00f3n de personas, esto a su vez genera una mayor masa salarial que incrementa el consumo local.<\/p>\n<p>Es crucial para el desarrollo sostenible de nuestra provincia y el bienestar de la comunidad. Juntos, trabajaremos hacia un futuro pr\u00f3spero y equitativo.\u201d<\/p>\n","protected":false},"excerpt":{"rendered":"<p>Mediante un comunicado la Federaci\u00f3n Econ\u00f3mica de Catamarca mostr\u00f3 su respaldo total a la aprobaci\u00f3n del proyecto de ley de<\/p>\n","protected":false},"author":2,"featured_media":15047,"comment_status":"closed","ping_status":"closed","sticky":false,"template":"","format":"standard","meta":{"footnotes":"","jetpack_publicize_message":"","jetpack_publicize_feature_enabled":true,"jetpack_social_post_already_shared":true,"jetpack_social_options":{"image_generator_settings":{"template":"highway","enabled":false},"version":2}},"categories":[12],"tags":[],"class_list":["post-15046","post","type-post","status-publish","format-standard","has-post-thumbnail","hentry","category-politica"],"jetpack_publicize_connections":[],"_links":{"self":[{"href":"https:\/\/diariorepublica.com.ar\/web\/index.php\/wp-json\/wp\/v2\/posts\/15046"}],"collection":[{"href":"https:\/\/diariorepublica.com.ar\/web\/index.php\/wp-json\/wp\/v2\/posts"}],"about":[{"href":"https:\/\/diariorepublica.com.ar\/web\/index.php\/wp-json\/wp\/v2\/types\/post"}],"author":[{"embeddable":true,"href":"https:\/\/diariorepublica.com.ar\/web\/index.php\/wp-json\/wp\/v2\/users\/2"}],"replies":[{"embeddable":true,"href":"https:\/\/diariorepublica.com.ar\/web\/index.php\/wp-json\/wp\/v2\/comments?post=15046"}],"version-history":[{"count":1,"href":"https:\/\/diariorepublica.com.ar\/web\/index.php\/wp-json\/wp\/v2\/posts\/15046\/revisions"}],"predecessor-version":[{"id":15048,"href":"https:\/\/diariorepublica.com.ar\/web\/index.php\/wp-json\/wp\/v2\/posts\/15046\/revisions\/15048"}],"wp:featuredmedia":[{"embeddable":true,"href":"https:\/\/diariorepublica.com.ar\/web\/index.php\/wp-json\/wp\/v2\/media\/15047"}],"wp:attachment":[{"href":"https:\/\/diariorepublica.com.ar\/web\/index.php\/wp-json\/wp\/v2\/media?parent=15046"}],"wp:term":[{"taxonomy":"category","embeddable":true,"href":"https:\/\/diariorepublica.com.ar\/web\/index.php\/wp-json\/wp\/v2\/categories?post=15046"},{"taxonomy":"post_tag","embeddable":true,"href":"https:\/\/diariorepublica.com.ar\/web\/index.php\/wp-json\/wp\/v2\/tags?post=15046"}],"curies":[{"name":"wp","href":"https:\/\/api.w.org\/{rel}","templated":true}]}}