{"id":15056,"date":"2024-05-24T06:12:00","date_gmt":"2024-05-24T09:12:00","guid":{"rendered":"https:\/\/diariorepublica.com.ar\/web\/?p=15056"},"modified":"2024-05-24T07:14:08","modified_gmt":"2024-05-24T10:14:08","slug":"catamarca-y-la-universidad-del-litoral-realizaran-un-estudio-para-evaluar-la-politica-penitenciaria","status":"publish","type":"post","link":"https:\/\/diariorepublica.com.ar\/web\/index.php\/sociedad\/2024\/05\/24\/catamarca-y-la-universidad-del-litoral-realizaran-un-estudio-para-evaluar-la-politica-penitenciaria\/","title":{"rendered":"Catamarca y la Universidad del Litoral realizar\u00e1n un estudio para evaluar la pol\u00edtica Penitenciaria"},"content":{"rendered":"<p>El gobernador Ra\u00fal Jalil se reuni\u00f3 con el profesor M\u00e1ximo Sozzo, soci\u00f3logo y director del programa Delito y Sociedad de la Universidad Nacional del Litoral, para avanzar en un convenio entre el Gobierno de la Provincia y la universidad.<\/p>\n<p>El acuerdo permitir\u00e1 la realizaci\u00f3n de una encuesta pionera en la provincia, dirigida a personas privadas de la libertad, con el objetivo de generar una serie de indicadores que eval\u00faen la pol\u00edtica p\u00fablica penitenciaria de la provincia. Se pretende, con esos indicadores, elaborar estrategias para reducir los niveles de reincidencia y mejorar los niveles de reinserci\u00f3n social. Al hacer esto, no solo se mejora la calidad de vida de las personas, sino que tambi\u00e9n se contribuye a disminuir la delincuencia y fortalecer la seguridad ciudadana.<\/p>\n<p>La encuesta, dise\u00f1ada para ser aplicada a una muestra representativa de los detenidos, analizar\u00e1 diversas dimensiones de la calidad de vida dentro de la prisi\u00f3n. \u00abEsto permitir\u00e1 crear un conjunto de indicadores que, a lo largo del tiempo, nos permitir\u00e1 evaluar si la calidad de vida en las prisiones mejora o empeora\u00bb, explic\u00f3 el profesor M\u00e1ximo Sozzo.<\/p>\n<p>El proyecto se llevar\u00e1 a cabo en el Servicio Penitenciario de Catamarca, abarcando las dos unidades penitenciarias de varones y mujeres. Participar\u00e1n estudiantes de la Facultad de Derecho de la Universidad Nacional de Catamarca, lo que facilitar\u00e1 un acercamiento entre la comunidad acad\u00e9mica y el entorno penitenciario, ofreciendo una experiencia formativa valiosa para los estudiantes.<\/p>\n<p>Este estudio de monitoreo que busca determinar la situaci\u00f3n\u00a0 de los internos, ya fue concretado en unidades carcelarias de las provincias de Santa Fe y Chaco con resultados satisfactorios.<\/p>\n<p>Participaron de la reuni\u00f3n el ministro de Gobierno, Justicia y Derechos Humanos, Fernando \u00c1vila; la ministra de Seguridad, Fabiola Segura; la ministra de Econom\u00eda, Alejandra Nazareno; la presidenta de la Corte de Justicia, Fernanda Rosales Andreotti; el fiscal General, Alejandro Gober y el decano de la Facultad de Derecho, Gonzalo Salerno, entre otras autoridades.<\/p>\n","protected":false},"excerpt":{"rendered":"<p>El gobernador Ra\u00fal Jalil se reuni\u00f3 con el profesor M\u00e1ximo Sozzo, soci\u00f3logo y director del programa Delito y Sociedad de<\/p>\n","protected":false},"author":1,"featured_media":15057,"comment_status":"closed","ping_status":"closed","sticky":false,"template":"","format":"standard","meta":{"footnotes":"","jetpack_publicize_message":"","jetpack_publicize_feature_enabled":true,"jetpack_social_post_already_shared":true,"jetpack_social_options":{"image_generator_settings":{"template":"highway","enabled":false},"version":2}},"categories":[3],"tags":[],"class_list":["post-15056","post","type-post","status-publish","format-standard","has-post-thumbnail","hentry","category-sociedad"],"jetpack_publicize_connections":[],"_links":{"self":[{"href":"https:\/\/diariorepublica.com.ar\/web\/index.php\/wp-json\/wp\/v2\/posts\/15056"}],"collection":[{"href":"https:\/\/diariorepublica.com.ar\/web\/index.php\/wp-json\/wp\/v2\/posts"}],"about":[{"href":"https:\/\/diariorepublica.com.ar\/web\/index.php\/wp-json\/wp\/v2\/types\/post"}],"author":[{"embeddable":true,"href":"https:\/\/diariorepublica.com.ar\/web\/index.php\/wp-json\/wp\/v2\/users\/1"}],"replies":[{"embeddable":true,"href":"https:\/\/diariorepublica.com.ar\/web\/index.php\/wp-json\/wp\/v2\/comments?post=15056"}],"version-history":[{"count":1,"href":"https:\/\/diariorepublica.com.ar\/web\/index.php\/wp-json\/wp\/v2\/posts\/15056\/revisions"}],"predecessor-version":[{"id":15058,"href":"https:\/\/diariorepublica.com.ar\/web\/index.php\/wp-json\/wp\/v2\/posts\/15056\/revisions\/15058"}],"wp:featuredmedia":[{"embeddable":true,"href":"https:\/\/diariorepublica.com.ar\/web\/index.php\/wp-json\/wp\/v2\/media\/15057"}],"wp:attachment":[{"href":"https:\/\/diariorepublica.com.ar\/web\/index.php\/wp-json\/wp\/v2\/media?parent=15056"}],"wp:term":[{"taxonomy":"category","embeddable":true,"href":"https:\/\/diariorepublica.com.ar\/web\/index.php\/wp-json\/wp\/v2\/categories?post=15056"},{"taxonomy":"post_tag","embeddable":true,"href":"https:\/\/diariorepublica.com.ar\/web\/index.php\/wp-json\/wp\/v2\/tags?post=15056"}],"curies":[{"name":"wp","href":"https:\/\/api.w.org\/{rel}","templated":true}]}}