{"id":15059,"date":"2024-05-24T07:15:17","date_gmt":"2024-05-24T10:15:17","guid":{"rendered":"https:\/\/diariorepublica.com.ar\/web\/?p=15059"},"modified":"2024-05-24T07:15:20","modified_gmt":"2024-05-24T10:15:20","slug":"en-septiembre-se-inaugurara-la-nueva-hosteria-de-poman","status":"publish","type":"post","link":"https:\/\/diariorepublica.com.ar\/web\/index.php\/sociedad\/2024\/05\/24\/en-septiembre-se-inaugurara-la-nueva-hosteria-de-poman\/","title":{"rendered":"En septiembre se inaugurar\u00e1 la nueva Hoster\u00eda de Pom\u00e1n"},"content":{"rendered":"<p>En Casa de Gobierno, el gobernador Ra\u00fal Jalil mantuvo una reuni\u00f3n con el intendente de Pom\u00e1n, Francisco Gordillo quien le comunic\u00f3 sobre los avances de obra de la Hoster\u00eda \u201cOlivos de Pom\u00e1n\u201d, que ser\u00e1 inaugurada en septiembre pr\u00f3ximo.<\/p>\n<p>En el encuentro, el jefe comunal manifest\u00f3 que los trabajos en la nueva hoster\u00eda est\u00e1n muy avanzados y que la idea es inaugurarla el 15 de septiembre, en coincidencia con los actos festivos que se desplegar\u00e1n en la jurisdicci\u00f3n municipal por la fecha aniversario de Pom\u00e1n.<\/p>\n<p>\u201cEste moderno espacio cuenta con el espacio de habitaciones tradicionales y cinco caba\u00f1as adicionales, piletas, spa, quinchos, fogones, entre otros aspectos\u201d, explic\u00f3 el intendente Gordillo al tiempo que consider\u00f3 que esta obra en particular permitir\u00e1 potenciar el turismo lugare\u00f1o y es muy anhelada por la comunidad pomanista.<\/p>\n<p>Seguido, afirm\u00f3 que: \u201cnuestra pol\u00edtica como municipio es agroindustrial y tur\u00edstica, y por ello acompa\u00f1amos al Gobernador en este tipo de iniciativas que vienen a fortalecer y potenciar las pol\u00edticas p\u00fablicas establecidas en materia de turismo y se encuadra en un plan de desarrollo tur\u00edstico\u201d, al tiempo que coment\u00f3 que ya se iniciaron las capacitaciones y talleres en gastronom\u00eda y otras actividades al personal, productores y emprendedores locales que desplegar\u00e1n sus tareas en la nueva infraestructura tur\u00edstica.<\/p>\n<p>Participaron del encuentro junto al mandatario provincial la ministra de Cultura, Turismo y Deportes, Daiana Rold\u00e1n, y el titular de la cartera de Infraestructura y Obras Civiles, Juan Marchetti.<\/p>\n","protected":false},"excerpt":{"rendered":"<p>En Casa de Gobierno, el gobernador Ra\u00fal Jalil mantuvo una reuni\u00f3n con el intendente de Pom\u00e1n, Francisco Gordillo quien le<\/p>\n","protected":false},"author":1,"featured_media":15060,"comment_status":"closed","ping_status":"closed","sticky":false,"template":"","format":"standard","meta":{"footnotes":"","jetpack_publicize_message":"","jetpack_publicize_feature_enabled":true,"jetpack_social_post_already_shared":true,"jetpack_social_options":{"image_generator_settings":{"template":"highway","enabled":false},"version":2}},"categories":[3],"tags":[],"class_list":["post-15059","post","type-post","status-publish","format-standard","has-post-thumbnail","hentry","category-sociedad"],"jetpack_publicize_connections":[],"_links":{"self":[{"href":"https:\/\/diariorepublica.com.ar\/web\/index.php\/wp-json\/wp\/v2\/posts\/15059"}],"collection":[{"href":"https:\/\/diariorepublica.com.ar\/web\/index.php\/wp-json\/wp\/v2\/posts"}],"about":[{"href":"https:\/\/diariorepublica.com.ar\/web\/index.php\/wp-json\/wp\/v2\/types\/post"}],"author":[{"embeddable":true,"href":"https:\/\/diariorepublica.com.ar\/web\/index.php\/wp-json\/wp\/v2\/users\/1"}],"replies":[{"embeddable":true,"href":"https:\/\/diariorepublica.com.ar\/web\/index.php\/wp-json\/wp\/v2\/comments?post=15059"}],"version-history":[{"count":1,"href":"https:\/\/diariorepublica.com.ar\/web\/index.php\/wp-json\/wp\/v2\/posts\/15059\/revisions"}],"predecessor-version":[{"id":15061,"href":"https:\/\/diariorepublica.com.ar\/web\/index.php\/wp-json\/wp\/v2\/posts\/15059\/revisions\/15061"}],"wp:featuredmedia":[{"embeddable":true,"href":"https:\/\/diariorepublica.com.ar\/web\/index.php\/wp-json\/wp\/v2\/media\/15060"}],"wp:attachment":[{"href":"https:\/\/diariorepublica.com.ar\/web\/index.php\/wp-json\/wp\/v2\/media?parent=15059"}],"wp:term":[{"taxonomy":"category","embeddable":true,"href":"https:\/\/diariorepublica.com.ar\/web\/index.php\/wp-json\/wp\/v2\/categories?post=15059"},{"taxonomy":"post_tag","embeddable":true,"href":"https:\/\/diariorepublica.com.ar\/web\/index.php\/wp-json\/wp\/v2\/tags?post=15059"}],"curies":[{"name":"wp","href":"https:\/\/api.w.org\/{rel}","templated":true}]}}