{"id":15071,"date":"2024-05-24T00:47:00","date_gmt":"2024-05-24T03:47:00","guid":{"rendered":"https:\/\/diariorepublica.com.ar\/web\/?p=15071"},"modified":"2024-05-24T07:53:23","modified_gmt":"2024-05-24T10:53:23","slug":"quien-era-carlo-acutis-el-primer-millennial-que-sera-declarado-santo-por-el-papa-francisco","status":"publish","type":"post","link":"https:\/\/diariorepublica.com.ar\/web\/index.php\/internacionales\/2024\/05\/24\/quien-era-carlo-acutis-el-primer-millennial-que-sera-declarado-santo-por-el-papa-francisco\/","title":{"rendered":"Qui\u00e9n era Carlo Acutis, el primer millennial que ser\u00e1 declarado santo por el papa Francisco"},"content":{"rendered":"<p class=\"paragraph\"><b>Carlo Acutis\u00a0<\/b>se convertir\u00e1 en\u00a0<b>el primer santo millennial\u00a0<\/b>de la Iglesia Cat\u00f3lica. El papa Francisco aprob\u00f3 este jueves el decreto que llevar\u00e1 a la canonizaci\u00f3n de este adolescente que muri\u00f3 a los 15 a\u00f1os en 2006 y que est\u00e1 sepultado en una tumba abierta en el Santuario de la Expoliaci\u00f3n en As\u00eds, centro de Italia. Lo inform\u00f3\u00a0<i>Vatican News<\/i>.<\/p>\n<p class=\"paragraph\">A Acutis se lo conoc\u00eda como \u201c<b>el influencer de Dios<\/b>\u201d porque evangelizaba por internet. Falleci\u00f3 por una complicaci\u00f3n en un cuadro de leucemia. Francisco lo hab\u00eda declarado beato en 2020.<\/p>\n<p class=\"paragraph\">La Iglesia Cat\u00f3lica le reconoce dos milagros. El primero la cura de un ni\u00f1o en Campo Grande, en Brasil. Ahora, le atribuy\u00f3 la milagrosa sanaci\u00f3n de una ni\u00f1a costarricense tras un grave accidente.<\/p>\n<h6 class=\"font--primary\">Qui\u00e9n era Carlo Acutis<\/h6>\n<p>El joven naci\u00f3 el 3 de mayo de 1991 en Londres, pero pas\u00f3 toda su vida en Italia. En su corta vida, document\u00f3 los milagros eucar\u00edsticos y apariciones marianas en todo el mundo y catalog\u00f3 toda esa informaci\u00f3n en un sitio web.<\/p>\n<p><i>Vatican News<\/i>\u00a0dijo que la historia de Acutis \u201ces conocida por muchos. Muy joven,\u00a0<b>un talento de la primera \u00e9poca de Internet<\/b>\u00a0junto con un gran coraz\u00f3n hacia cualquier persona, ya desde ni\u00f1o y especialmente hacia sus coet\u00e1neos, a los que ayuda todo lo que puede\u201d.<\/p>\n<p class=\"paragraph\">Adem\u00e1s, se\u00f1al\u00f3 que fue \u201cun adolescente precoz de inteligencia y alma, como corresponde a alguien que naci\u00f3 original, pero no morir\u00e1 siendo una fotocopia. En 2006, con 15 a\u00f1os, Carlos Acutis ya hab\u00eda abierto el camino de lo que significa tener fe, amar a la Iglesia y a los pobres, y traficar su creatividad en la red para dejar un mensaje -con su exposici\u00f3n sobre los milagros eucar\u00edsticos- que no se consume perdi\u00e9ndose como tantos algoritmos\u201d.<\/p>\n<p class=\"paragraph\">\u201cEn octubre una leucemia fulminante se lo lleva, pero no lo que construy\u00f3. El Papa Francisco lo beatifica en 2020 en As\u00eds, donde ahora descansa en el Santuario de la Expoliaci\u00f3n, meta de interminables peregrinaciones\u201d, se\u00f1al\u00f3.<\/p>\n<p class=\"paragraph\">La beatificaci\u00f3n ocurri\u00f3 despu\u00e9s que la Iglesia Cat\u00f3lica le atribuyera la sanaci\u00f3n de un ni\u00f1o de 7 a\u00f1os gravemente enfermo, con problemas en su p\u00e1ncreas, en Campo Grande, Mato Grosso, Brasil. Seg\u00fan la prensa brasile\u00f1a, el nene se cur\u00f3 despu\u00e9s que su abuelo toc\u00f3 las ropas de Acutis expuestas en una parroquia de su ciudad y le pidi\u00f3 por la cura de su nieto.<\/p>\n<p class=\"paragraph\">Ahora, el Papa le reconoci\u00f3 un nuevo milagro. Seg\u00fan\u00a0<i>Vatican News<\/i>, el 8 de julio de 2022 una mujer llamada Liliana, de Costa Rica, le fue a rezar al adolescente frente a su tumba. \u201cSe arrodilla, reza y deja una carta, palabras de esperanza que envuelven la peor angustia de una madre\u201d, indic\u00f3.<\/p>\n<p class=\"paragraph\">Seis d\u00edas antes, su hija se hab\u00eda ca\u00eddo de la bicicleta en el centro de Florencia y se hallaba en estado cr\u00edtico con traumatismo craneoencef\u00e1lico. Su cuadro requiri\u00f3 una operaci\u00f3n de craneotom\u00eda y la extirpaci\u00f3n del hueso occipital derecho para aliviar la presi\u00f3n. La esperanza de supervivencia era casi nula, record\u00f3.<\/p>\n<p class=\"paragraph\">Poco despu\u00e9s, la ni\u00f1a volvi\u00f3 a respirar sin ayuda de un respirador, empez\u00f3 a moverse y a hablar. \u201cA partir de entonces es uno de esos casos en los que los protocolos m\u00e9dicos pasan a un segundo plano\u201d, dijo\u00a0<i>Vatican News<\/i>. La ni\u00f1a se recuper\u00f3 totalmente.<\/p>\n","protected":false},"excerpt":{"rendered":"<p>Carlo Acutis\u00a0se convertir\u00e1 en\u00a0el primer santo millennial\u00a0de la Iglesia Cat\u00f3lica. El papa Francisco aprob\u00f3 este jueves el decreto que llevar\u00e1<\/p>\n","protected":false},"author":1,"featured_media":15072,"comment_status":"closed","ping_status":"closed","sticky":false,"template":"","format":"standard","meta":{"footnotes":"","jetpack_publicize_message":"","jetpack_publicize_feature_enabled":true,"jetpack_social_post_already_shared":true,"jetpack_social_options":{"image_generator_settings":{"template":"highway","enabled":false},"version":2}},"categories":[6],"tags":[],"class_list":["post-15071","post","type-post","status-publish","format-standard","has-post-thumbnail","hentry","category-internacionales"],"jetpack_publicize_connections":[],"_links":{"self":[{"href":"https:\/\/diariorepublica.com.ar\/web\/index.php\/wp-json\/wp\/v2\/posts\/15071"}],"collection":[{"href":"https:\/\/diariorepublica.com.ar\/web\/index.php\/wp-json\/wp\/v2\/posts"}],"about":[{"href":"https:\/\/diariorepublica.com.ar\/web\/index.php\/wp-json\/wp\/v2\/types\/post"}],"author":[{"embeddable":true,"href":"https:\/\/diariorepublica.com.ar\/web\/index.php\/wp-json\/wp\/v2\/users\/1"}],"replies":[{"embeddable":true,"href":"https:\/\/diariorepublica.com.ar\/web\/index.php\/wp-json\/wp\/v2\/comments?post=15071"}],"version-history":[{"count":1,"href":"https:\/\/diariorepublica.com.ar\/web\/index.php\/wp-json\/wp\/v2\/posts\/15071\/revisions"}],"predecessor-version":[{"id":15073,"href":"https:\/\/diariorepublica.com.ar\/web\/index.php\/wp-json\/wp\/v2\/posts\/15071\/revisions\/15073"}],"wp:featuredmedia":[{"embeddable":true,"href":"https:\/\/diariorepublica.com.ar\/web\/index.php\/wp-json\/wp\/v2\/media\/15072"}],"wp:attachment":[{"href":"https:\/\/diariorepublica.com.ar\/web\/index.php\/wp-json\/wp\/v2\/media?parent=15071"}],"wp:term":[{"taxonomy":"category","embeddable":true,"href":"https:\/\/diariorepublica.com.ar\/web\/index.php\/wp-json\/wp\/v2\/categories?post=15071"},{"taxonomy":"post_tag","embeddable":true,"href":"https:\/\/diariorepublica.com.ar\/web\/index.php\/wp-json\/wp\/v2\/tags?post=15071"}],"curies":[{"name":"wp","href":"https:\/\/api.w.org\/{rel}","templated":true}]}}