{"id":15129,"date":"2024-05-25T13:16:00","date_gmt":"2024-05-25T16:16:00","guid":{"rendered":"https:\/\/diariorepublica.com.ar\/web\/?p=15129"},"modified":"2024-05-25T17:17:39","modified_gmt":"2024-05-25T20:17:39","slug":"en-el-tedeum-garcia-cuerva-pidio-acompanar-con-hechos-el-esfuerzo-de-la-gente","status":"publish","type":"post","link":"https:\/\/diariorepublica.com.ar\/web\/index.php\/nacionales\/2024\/05\/25\/en-el-tedeum-garcia-cuerva-pidio-acompanar-con-hechos-el-esfuerzo-de-la-gente\/","title":{"rendered":"En el Tedeum, Garc\u00eda Cuerva pidi\u00f3 \u00abacompa\u00f1ar con hechos el esfuerzo de la gente\u00bb"},"content":{"rendered":"<article id=\"article-post\" class=\"first\">\n<div class=\"cuerpo\" data-twitter-link=\"https:\/\/twitter.com\/intent\/tweet?url=https:\/\/www.diariopopular.com.ar\/c788315&amp;via=poopulardiario&amp;related=Popular&amp;text=\">\n<p>El arzobispo de Buenos Aires y primado de la Argentina,\u00a0<strong>monse\u00f1or Jorge Garc\u00eda Cuerva<\/strong>, reclam\u00f3 este s\u00e1bado\u00a0<strong>\u00abacompa\u00f1ar con hechos y no s\u00f3lo con palabras el esfuerzo de la gente\u00bb<\/strong>, al encabezar el\u00a0<strong>Tedeum\u00a0<\/strong>en la Catedral Metropolitana. Lo hizo ante el presidente\u00a0<strong>Javier Milei<\/strong>\u00a0y la mayor\u00eda de los integrantes de su gabinete.<\/p>\n<\/div>\n<\/article>\n<article id=\"article-post\">\n<div class=\"cuerpo\" data-twitter-link=\"https:\/\/twitter.com\/intent\/tweet?url=https:\/\/www.diariopopular.com.ar\/c788315&amp;via=poopulardiario&amp;related=Popular&amp;text=\">\n<p>En el inicio de su homil\u00eda, Garc\u00eda Cuerva busc\u00f3\u00a0<strong>\u00abuna reflexi\u00f3n de todos los actores de la sociedad argentina\u00bb<\/strong>, pero pidi\u00f3 que sus palabras no fueran tomadas para\u00a0<strong>\u00abalimentar la fragmentaci\u00f3n\u00bb<\/strong>.<\/p>\n<p>Y luego continu\u00f3: \u201cHoy nos ponemos delante de Dios como naci\u00f3n y le pedimos que nos cure, porque\u00a0<strong>parecemos tener las manos paralizadas para el encuentro que construye fraternidad<\/strong>, las manos paralizadas para abrazar a los heridos por la soledad y la tristeza, las manos paralizadas para ser solidarios con los que menos tienen\u201d<\/p>\n<p>\u00abTambi\u00e9n le pedimos a Dios que nos preserve de\u00a0<strong>las manos manchadas de sangre por el narcotr\u00e1fico, de las manos sucias de la corrupci\u00f3n y la coima<\/strong>, de las manos en el bolsillo del ego\u00edsmo y la indiferencia\u00bb, se\u00f1al\u00f3 Garc\u00eda Cuerva.<\/p>\n<div id=\"embed89_wrap\" class=\"embed_cont type_freetext\" contenteditable=\"false\">\n<div id=\"embed89_content\" class=\"embed_content\">\n<div id=\"embed89_embed\"><iframe loading=\"lazy\" title=\"YouTube video player\" src=\"https:\/\/www.youtube.com\/embed\/MaQrHHFB84A?si=uryHz9yx08bk9JaH\" width=\"560\" height=\"315\" frameborder=\"0\" allowfullscreen=\"allowfullscreen\" data-gtm-yt-inspected-11=\"true\" data-mce-fragment=\"1\"><\/iframe><\/div>\n<\/div>\n<div id=\"embed89_epigrafe\" class=\"embed_epigrafe\"><\/div>\n<div id=\"embed89_copyright\" class=\"embed_copyright\"><\/div>\n<\/div>\n<p>Desde la Catedral Metropolitana, el referente del purpurado local se\u00f1al\u00f3 que la mirada de Jes\u00fas\u00a0<strong>\u00abalerta sobre la insensibilidad con los m\u00e1s desprotegidos, reclama mayor compromiso y cercan\u00eda con los que sufren\u00bb<\/strong>. Y frente a Milei y el resto de los funcionarios del Gabinete, apel\u00f3 a la \u00abconciencia\u00bb de cada uno.<\/p>\n<p>\u00abEn estos tiempos dif\u00edciles,\u00a0<strong>\u00bfqu\u00e9 estoy haciendo por los m\u00e1s pobres y los que sufren?<\/strong> \u00bfPodremos mirarnos y responder esa pregunta, sin echar culpa como adolescentes, sino desde la responsabilidad de hacernos cargos, incluso si es necesario realizando una autocr\u00edtica madura que tanto necesita escuchar alguna vez nuestro pueblo?\u00bb, expres\u00f3.<\/p>\n<p><strong>\u00abNuestra gente est\u00e1 haciendo un esfuerzo muy grande y nosotros no podemos hacernos los tontos. Hay que acompa\u00f1ar con hechos y no s\u00f3lo con palabras ese enorme esfuerzo de nuestra gente<\/strong>. Por eso siguen doliendo algunas acciones de la dirigencia divorciadas de la ciudadan\u00eda de a pie, como los tan comentados autoaumentos de sueldos de algunas semanas atr\u00e1s\u00bb, lanz\u00f3.<\/p>\n<p>Garc\u00eda Cueva pidi\u00f3 \u00abeliminar la doble vara\u00bb a la hora de juzgar a la pol\u00edtica y remarc\u00f3:\u00a0<strong>\u00abNo es lo mismo unirse que confabular; no es lo mismo fraternizar y forjar la cultura del acuerdo que ser c\u00f3mplice del mal con el s\u00f3lo \u00e1nimo de destruir al otro<\/strong>, de pensar estrategias para que al otro le vaya mal, creyendo que cuanto peor, mejor\u00bb.<\/p>\n<p>\u00ab\u00c9so nos destruye a todos y carcome los cimientos de la Patria:\u00a0<strong>es como un sismo que no nos permite nunca ponernos de pie\u00bb<\/strong>, manifest\u00f3 el cardenal primado de la Argentina.<\/p>\n<p>Una vez concluida la ceremonia,\u00a0<strong>Garc\u00eda Cuerva se acerc\u00f3 hasta el lugar donde se encontraba Milei y, tras el saludo, intercambi\u00f3 algunas palabras con el mandatario<\/strong>. Luego, el Presidente abandon\u00f3 la Catedral Metropolitana y, sin dar declaraciones a la prensa, se subi\u00f3 a un veh\u00edculo oficial para continuar con su agenda de actividades en C\u00f3rdoba.<\/p>\n<\/div>\n<\/article>\n","protected":false},"excerpt":{"rendered":"<p>El arzobispo de Buenos Aires y primado de la Argentina,\u00a0monse\u00f1or Jorge Garc\u00eda Cuerva, reclam\u00f3 este s\u00e1bado\u00a0\u00abacompa\u00f1ar con hechos y no<\/p>\n","protected":false},"author":1,"featured_media":15130,"comment_status":"closed","ping_status":"closed","sticky":false,"template":"","format":"standard","meta":{"footnotes":"","jetpack_publicize_message":"","jetpack_publicize_feature_enabled":true,"jetpack_social_post_already_shared":true,"jetpack_social_options":{"image_generator_settings":{"template":"highway","enabled":false},"version":2}},"categories":[4],"tags":[],"class_list":["post-15129","post","type-post","status-publish","format-standard","has-post-thumbnail","hentry","category-nacionales"],"jetpack_publicize_connections":[],"_links":{"self":[{"href":"https:\/\/diariorepublica.com.ar\/web\/index.php\/wp-json\/wp\/v2\/posts\/15129"}],"collection":[{"href":"https:\/\/diariorepublica.com.ar\/web\/index.php\/wp-json\/wp\/v2\/posts"}],"about":[{"href":"https:\/\/diariorepublica.com.ar\/web\/index.php\/wp-json\/wp\/v2\/types\/post"}],"author":[{"embeddable":true,"href":"https:\/\/diariorepublica.com.ar\/web\/index.php\/wp-json\/wp\/v2\/users\/1"}],"replies":[{"embeddable":true,"href":"https:\/\/diariorepublica.com.ar\/web\/index.php\/wp-json\/wp\/v2\/comments?post=15129"}],"version-history":[{"count":1,"href":"https:\/\/diariorepublica.com.ar\/web\/index.php\/wp-json\/wp\/v2\/posts\/15129\/revisions"}],"predecessor-version":[{"id":15131,"href":"https:\/\/diariorepublica.com.ar\/web\/index.php\/wp-json\/wp\/v2\/posts\/15129\/revisions\/15131"}],"wp:featuredmedia":[{"embeddable":true,"href":"https:\/\/diariorepublica.com.ar\/web\/index.php\/wp-json\/wp\/v2\/media\/15130"}],"wp:attachment":[{"href":"https:\/\/diariorepublica.com.ar\/web\/index.php\/wp-json\/wp\/v2\/media?parent=15129"}],"wp:term":[{"taxonomy":"category","embeddable":true,"href":"https:\/\/diariorepublica.com.ar\/web\/index.php\/wp-json\/wp\/v2\/categories?post=15129"},{"taxonomy":"post_tag","embeddable":true,"href":"https:\/\/diariorepublica.com.ar\/web\/index.php\/wp-json\/wp\/v2\/tags?post=15129"}],"curies":[{"name":"wp","href":"https:\/\/api.w.org\/{rel}","templated":true}]}}