{"id":15132,"date":"2024-05-25T16:18:00","date_gmt":"2024-05-25T19:18:00","guid":{"rendered":"https:\/\/diariorepublica.com.ar\/web\/?p=15132"},"modified":"2024-05-25T17:19:57","modified_gmt":"2024-05-25T20:19:57","slug":"javier-milei-ratifico-su-promesa-de-avanzar-en-una-reduccion-significativa-de-impuestos-pero-lo-condiciono-a-la-aprobacion-de-la-ley-bases","status":"publish","type":"post","link":"https:\/\/diariorepublica.com.ar\/web\/index.php\/politica\/2024\/05\/25\/javier-milei-ratifico-su-promesa-de-avanzar-en-una-reduccion-significativa-de-impuestos-pero-lo-condiciono-a-la-aprobacion-de-la-ley-bases\/","title":{"rendered":"Javier Milei ratific\u00f3 su promesa de avanzar en una \u00abreducci\u00f3n significativa de impuestos\u00bb, pero lo condicion\u00f3 a la aprobaci\u00f3n de la ley Bases"},"content":{"rendered":"<article class=\"article-body article-body--first-paragraph content-protected-false\" data-td-script-src=\"https:\/\/www.ambito.com\/td\/modulos\/encuestas\/js\/function-embeds-min-version-1716523673.js\">En el marco de un\u00a0nuevo llamado a un acuerdo con los gobernadores, tras el fracaso del\u00a0<strong>\u00abPacto de Mayo\u00bb<\/strong>, el presidente\u00a0<strong>Javier Milei<\/strong>\u00a0renov\u00f3 su promesa de llevar adelante una \u00abreducci\u00f3n significativa\u00bb de impuestos, aunque lo condicion\u00f3 a que se apruebe la\u00a0<strong>ley Bases.<\/strong><\/p>\n<\/article>\n<article class=\"article-body article-body--second-paragraph content-protected-false\">Seg\u00fan el mandatario, el primero que eliminar\u00e1 ser\u00e1 el\u00a0<strong>Impuesto PAIS<\/strong>, que se aplica a las operaciones en d\u00f3lares. El compromiso ya lo hab\u00eda asumido en la campa\u00f1a que lo llev\u00f3 a la presidencia, aunque una vez que asumi\u00f3 lo subi\u00f3. \u00abEs un impuesto extorsivo que atenta contra la producci\u00f3n y el crecimiento econ\u00f3mico\u00bb, afirm\u00f3 desde C\u00f3rdoba y en cadena nacional.<\/p>\n<article class=\"article-body article-body--third-paragraph content-protected-false\">Milei reconoci\u00f3 que la reducci\u00f3n de impuestos generar\u00e1 un fuerte impacto en la recaudaci\u00f3n del Estado. En la semana,\u00a0ya hab\u00eda hablado de avanzar con una reducci\u00f3n de impuestos\u00a0y traz\u00f3 una hoja de ruta que luego del PAIS continuaba con la eliminaci\u00f3n de las<strong>\u00a0retenciones a las exportaciones agropecuarias<\/strong>. Ayer\u00a0lo ratific\u00f3 frente a la dirigencia del campo.<\/p>\n<\/article>\n<article class=\"article-body article-body--fourth-paragraph content-protected-false\">\u00abCuando al econom\u00eda empiece a rebotar, y ya tenemos sectores que dan se\u00f1ales de mejoras(\u2026) ah\u00ed va a tener que la demanda va a estar empujando y cuando abramos el cepo eso se va a dar mucho m\u00e1s. Ese rebote va a\u00a0<strong>generar mucha recaudaci\u00f3n fiscal<\/strong>\u00ab, dijo durante los d\u00edas previos.<\/p>\n<\/article>\n<article class=\"article-body article-body--remaining-paragraph content-protected-false\">\u00abNosotros hicimos cuatro meses seguido de super\u00e1vit financiero y mayo tambi\u00e9n va a ser superavitario y va a compensar el\u00a0<strong>n\u00famero negativo de junio.\u00a0<\/strong>En ese contexto de ca\u00edda de PBI,<strong>\u00a0imag\u00ednese cuando se recupere.\u00a0<\/strong>Cuando se recupere, tengo dos opciones: subir gasto p\u00fablico o bajar impuestos. Voy a bajar impuestos\u00bb, complet\u00f3.<\/p>\n<p>Seg\u00fan el \u00faltimo informe de recaudaci\u00f3n, los \u00fanicos<strong>\u00a0tres tributos que aumentaron en abril\u00a0<\/strong>en t\u00e9rminos reales ser\u00edan impuesto\u00a0<strong>PAIS con 209,9%, derechos de exportaci\u00f3n con 61,8% y combustibles con 2,6%.\u00a0<\/strong>La recaudaci\u00f3n que m\u00e1s habr\u00eda ca\u00eddo ser\u00eda la del impuesto a los Bienes Personales, que lo habr\u00eda hecho en un 65,7% real interanual, seguido por Ganancias con 35,8% e internos coparticipados con 19,5%.<\/p>\n<h6>\u00bfCu\u00e1ndo bajar\u00e1 los impuestos Javier Milei?<\/h6>\n<p>De todos modos, siguiendo las palabras del presidente Milei, la promesa de bajar impuestos est\u00e1 atada a la aprobaci\u00f3n de la\u00a0<strong>ley Bases<\/strong>, que navega aguas turbulentas en el Congreso y hay dudas de que llegue a puerto. El Senado demora su aval y pide cambios con respecto a la media sanci\u00f3n que lleg\u00f3 de Diputados.<\/p>\n<p>De concretarse esas modificaciones, el texto volver\u00eda a la C\u00e1mara de origen, y comenzar\u00eda un nuevo debate con final incierto.<\/p>\n<p>Por el momento, el Gobierno trabaja con sus potenciales aliados para juntar las voluntades necesarias para aprobar la ley Bases en el Senado. Los votos se cuentan uno a uno, y con un margen tan escueto que no se descarta que haya un empate. La mano decisiva en ese caso ser\u00e1 la de la vicepresidente\u00a0<strong>Victoria Villarruel<\/strong>.<\/p>\n<p>ambito.com<\/p>\n<\/article>\n<\/article>\n","protected":false},"excerpt":{"rendered":"<p>En el marco de un\u00a0nuevo llamado a un acuerdo con los gobernadores, tras el fracaso del\u00a0\u00abPacto de Mayo\u00bb, el presidente\u00a0Javier<\/p>\n","protected":false},"author":1,"featured_media":15133,"comment_status":"closed","ping_status":"closed","sticky":false,"template":"","format":"standard","meta":{"footnotes":"","jetpack_publicize_message":"","jetpack_publicize_feature_enabled":true,"jetpack_social_post_already_shared":true,"jetpack_social_options":{"image_generator_settings":{"template":"highway","enabled":false},"version":2}},"categories":[12],"tags":[],"class_list":["post-15132","post","type-post","status-publish","format-standard","has-post-thumbnail","hentry","category-politica"],"jetpack_publicize_connections":[],"_links":{"self":[{"href":"https:\/\/diariorepublica.com.ar\/web\/index.php\/wp-json\/wp\/v2\/posts\/15132"}],"collection":[{"href":"https:\/\/diariorepublica.com.ar\/web\/index.php\/wp-json\/wp\/v2\/posts"}],"about":[{"href":"https:\/\/diariorepublica.com.ar\/web\/index.php\/wp-json\/wp\/v2\/types\/post"}],"author":[{"embeddable":true,"href":"https:\/\/diariorepublica.com.ar\/web\/index.php\/wp-json\/wp\/v2\/users\/1"}],"replies":[{"embeddable":true,"href":"https:\/\/diariorepublica.com.ar\/web\/index.php\/wp-json\/wp\/v2\/comments?post=15132"}],"version-history":[{"count":1,"href":"https:\/\/diariorepublica.com.ar\/web\/index.php\/wp-json\/wp\/v2\/posts\/15132\/revisions"}],"predecessor-version":[{"id":15134,"href":"https:\/\/diariorepublica.com.ar\/web\/index.php\/wp-json\/wp\/v2\/posts\/15132\/revisions\/15134"}],"wp:featuredmedia":[{"embeddable":true,"href":"https:\/\/diariorepublica.com.ar\/web\/index.php\/wp-json\/wp\/v2\/media\/15133"}],"wp:attachment":[{"href":"https:\/\/diariorepublica.com.ar\/web\/index.php\/wp-json\/wp\/v2\/media?parent=15132"}],"wp:term":[{"taxonomy":"category","embeddable":true,"href":"https:\/\/diariorepublica.com.ar\/web\/index.php\/wp-json\/wp\/v2\/categories?post=15132"},{"taxonomy":"post_tag","embeddable":true,"href":"https:\/\/diariorepublica.com.ar\/web\/index.php\/wp-json\/wp\/v2\/tags?post=15132"}],"curies":[{"name":"wp","href":"https:\/\/api.w.org\/{rel}","templated":true}]}}