{"id":15177,"date":"2024-05-27T08:30:00","date_gmt":"2024-05-27T11:30:00","guid":{"rendered":"https:\/\/diariorepublica.com.ar\/web\/?p=15177"},"modified":"2024-05-27T08:05:08","modified_gmt":"2024-05-27T11:05:08","slug":"el-gobierno-analiza-el-proyecto-para-la-pavimentacion-en-paso-externo-de-belen","status":"publish","type":"post","link":"https:\/\/diariorepublica.com.ar\/web\/index.php\/sociedad\/2024\/05\/27\/el-gobierno-analiza-el-proyecto-para-la-pavimentacion-en-paso-externo-de-belen\/","title":{"rendered":"El Gobierno analiza el proyecto para la pavimentaci\u00f3n en paso externo de Bel\u00e9n"},"content":{"rendered":"<p>Durante una reuni\u00f3n concretada d\u00edas atr\u00e1s en la sede de Vialidad Provincial, el gobernador Ra\u00fal Jalil, junto al intendente de Bel\u00e9n, Cristian Yapura, y el ministro de Infraestructura y Obras Civiles, Juan Marchetti, analizaron el proyecto de obra b\u00e1sica y pavimentaci\u00f3n en paso externo de la Ciudad de Bel\u00e9n, en la secci\u00f3n empalme Av. Virgen de Bel\u00e9n-Ruta Nacional N\u00b040.<\/p>\n<p>El proyecto establece que, en una primera etapa, se realizar\u00e1 la construcci\u00f3n de la Avenida Costanera en el sector Este de la ciudad de Bel\u00e9n (By Pass). Esta se desarrolla a lo largo del margen del R\u00edo Bel\u00e9n, desde el empalme de la Avenida Virgen de Bel\u00e9n hasta el Empalme de la Ruta Nacional N\u00b040 (inicio de Quebrada de Bel\u00e9n).<\/p>\n<p>All\u00ed, se prev\u00e9 la ejecuci\u00f3n de la obra b\u00e1sica y pavimentaci\u00f3n, construcci\u00f3n de defensas costeras, construcci\u00f3n de veredas, instalaci\u00f3n de luminarias, bicisendas, d\u00e1rsenas de estacionamientos, se\u00f1alizaci\u00f3n horizontal y vertical. El tramo se desarrolla en una longitud de 3.000 metros, con un ancho de calzada pavimentado de 7,50 metros, necesario para la circulaci\u00f3n de tr\u00e1nsito pesado y liviano.<\/p>\n<p>Simult\u00e1neamente, se dar\u00e1 inicio al estudio del proyecto Ejecutivo para la construcci\u00f3n de la obra b\u00e1sica y pavimentaci\u00f3n de la Avenida Costanera, margen Este del Rio Bel\u00e9n, desde La Puntilla (Ruta Provincial N\u00b046, puente sobre R\u00edo Bel\u00e9n) hasta el empalme de la Ruta Nacional N\u00b040 (inicio de Quebrada de Bel\u00e9n), constituy\u00e9ndose otra alternativa para el desarrollo del tr\u00e1nsito vehicular.<\/p>\n<p>Dichas obras son pedidos de la comunidad belicha que mejorar\u00e1n la conectividad vial en la ciudad, y permitir\u00e1n una mejor circulaci\u00f3n vehicular.<\/p>\n<p>De la reuni\u00f3n tambi\u00e9n participaron el director de Vialidad Provincial, Fernando Castillo, y el equipo de ingenieros del organismo.<\/p>\n","protected":false},"excerpt":{"rendered":"<p>Durante una reuni\u00f3n concretada d\u00edas atr\u00e1s en la sede de Vialidad Provincial, el gobernador Ra\u00fal Jalil, junto al intendente de<\/p>\n","protected":false},"author":1,"featured_media":15178,"comment_status":"closed","ping_status":"closed","sticky":false,"template":"","format":"standard","meta":{"footnotes":"","jetpack_publicize_message":"","jetpack_publicize_feature_enabled":true,"jetpack_social_post_already_shared":true,"jetpack_social_options":{"image_generator_settings":{"template":"highway","enabled":false},"version":2}},"categories":[3],"tags":[],"class_list":["post-15177","post","type-post","status-publish","format-standard","has-post-thumbnail","hentry","category-sociedad"],"jetpack_publicize_connections":[],"_links":{"self":[{"href":"https:\/\/diariorepublica.com.ar\/web\/index.php\/wp-json\/wp\/v2\/posts\/15177"}],"collection":[{"href":"https:\/\/diariorepublica.com.ar\/web\/index.php\/wp-json\/wp\/v2\/posts"}],"about":[{"href":"https:\/\/diariorepublica.com.ar\/web\/index.php\/wp-json\/wp\/v2\/types\/post"}],"author":[{"embeddable":true,"href":"https:\/\/diariorepublica.com.ar\/web\/index.php\/wp-json\/wp\/v2\/users\/1"}],"replies":[{"embeddable":true,"href":"https:\/\/diariorepublica.com.ar\/web\/index.php\/wp-json\/wp\/v2\/comments?post=15177"}],"version-history":[{"count":1,"href":"https:\/\/diariorepublica.com.ar\/web\/index.php\/wp-json\/wp\/v2\/posts\/15177\/revisions"}],"predecessor-version":[{"id":15179,"href":"https:\/\/diariorepublica.com.ar\/web\/index.php\/wp-json\/wp\/v2\/posts\/15177\/revisions\/15179"}],"wp:featuredmedia":[{"embeddable":true,"href":"https:\/\/diariorepublica.com.ar\/web\/index.php\/wp-json\/wp\/v2\/media\/15178"}],"wp:attachment":[{"href":"https:\/\/diariorepublica.com.ar\/web\/index.php\/wp-json\/wp\/v2\/media?parent=15177"}],"wp:term":[{"taxonomy":"category","embeddable":true,"href":"https:\/\/diariorepublica.com.ar\/web\/index.php\/wp-json\/wp\/v2\/categories?post=15177"},{"taxonomy":"post_tag","embeddable":true,"href":"https:\/\/diariorepublica.com.ar\/web\/index.php\/wp-json\/wp\/v2\/tags?post=15177"}],"curies":[{"name":"wp","href":"https:\/\/api.w.org\/{rel}","templated":true}]}}