{"id":15185,"date":"2024-05-27T14:22:00","date_gmt":"2024-05-27T17:22:00","guid":{"rendered":"https:\/\/diariorepublica.com.ar\/web\/?p=15185"},"modified":"2024-05-27T12:24:06","modified_gmt":"2024-05-27T15:24:06","slug":"poncho-2024-convocatoria-para-sector-comercial-food-trucks-locutores-y-prensa","status":"publish","type":"post","link":"https:\/\/diariorepublica.com.ar\/web\/index.php\/sociedad\/2024\/05\/27\/poncho-2024-convocatoria-para-sector-comercial-food-trucks-locutores-y-prensa\/","title":{"rendered":"Poncho 2024: Convocatoria para sector comercial, food trucks, locutores y prensa"},"content":{"rendered":"<p>El Ministerio de Cultura, Turismo y Deporte de la provincia abri\u00f3 la convocatoria para los interesados en participar en el sector comercial, en el Patio de Food trucks, locutores y en la cobertura period\u00edstica de la 53\u00b0 Edici\u00f3n de la Fiesta Nacional e Internacional del Poncho 2024, que se desarrollar\u00e1 desde el 12 al 21 de julio en el Predio Ferial Catamarca.<\/p>\n<p>Las postulaciones para el espacio comercial, el parque de food trucks y acreditaciones de prensa se realizan exclusivamente de forma virtual a trav\u00e9s de la plataforma https:\/\/turismo.catamarca.gob.ar\/convocatorias-poncho\/<br \/>\ny estar\u00e1n abiertas para inscripci\u00f3n hasta el 7 de junio pr\u00f3ximo.<\/p>\n<p>Podr\u00e1n postularse para food trucks y sector comercial personas mayores de 18 a\u00f1os, teniendo preferencia los residentes en Catamarca (m\u00ednimo dos a\u00f1os), deber\u00e1n contar con inscripci\u00f3n en el rubro con una antig\u00fcedad m\u00ednima de un a\u00f1o.<\/p>\n<p>En el caso de que la propuesta resulte seleccionada, la organizaci\u00f3n le comunicar\u00e1 al postulante por correo electr\u00f3nico detalles sobre la participaci\u00f3n y el pago del espacio cedido.<\/p>\n<p>Para participar en el sector comercial el postulante debe ser fabricante de los productos que ofrece, no se admitir\u00e1 la reventa, y se aceptar\u00e1n solo productos de los rubros: papel y cart\u00f3n, imaginer\u00eda, bijouterie, jugueter\u00eda, cer\u00e1mica, vidrio, utilitarios cocina, de hogar, flores y fibra vegetal, instrumentos musicales, cuero, textil (blanco hogar e indumentaria), otros.<\/p>\n<p>El productor podr\u00e1 exponer \u00fanicamente los productos que haya declarado en la postulaci\u00f3n y deber\u00e1 estar presente y atender en el stand durante toda la feria (del 12 al 21 de julio, de 13 a 23 hs). Adem\u00e1s, deber\u00e1 contar con la capacidad de aceptar pagos en diversos formatos, tales como tarjeta de d\u00e9bito o cr\u00e9dito, Mercado Pago, Naranja X, MODO, transferencias bancarias, entre otros (no excluyente).<\/p>\n<p>Periodistas y locutores<\/p>\n<p>El Ministerio de Cultura, Turismo y Deporte junto a la Secretar\u00eda de Prensa y Coordinaci\u00f3n de Catamarca informan que del 27 de mayo al 7 de junio se recibir\u00e1n los pedidos de acreditaci\u00f3n del personal de medios de comunicaci\u00f3n de Catamarca y del pa\u00eds interesados en realizar la cobertura period\u00edstica del escenario mayor y las conferencias de prensa, y se recuerda que el acceso a los otros espacios art\u00edsticos y de exposici\u00f3n en el Predio Ferial es libre y no requiere acreditaci\u00f3n alguna.<\/p>\n<p>Se otorgar\u00e1n hasta dos acreditaciones por medio o marca period\u00edstica, independientemente de las plataformas en las que publiquen sus contenidos. No se acreditar\u00e1n cuentas de redes sociales como medios de comunicaci\u00f3n, prensa institucional ni agencias de publicidad.<\/p>\n<p>Para gestionar la acreditaci\u00f3n debe inscribirse en el siguiente formulario https:\/\/bit.ly\/prensaponcho24 adjuntando adem\u00e1s una foto del postulante y nota firmada por el director\/a del medio que avale la solicitud.<\/p>\n<p>El Ministerio y la Secretar\u00eda verificar\u00e1n y confirmar\u00e1n por correo electr\u00f3nico la aceptaci\u00f3n de la acreditaci\u00f3n y c\u00f3mo ser\u00e1 la entrega; no se otorgar\u00e1n acreditaciones concluidos los plazos establecidos, ni durante la realizaci\u00f3n del evento.<\/p>\n<p>En el caso de los locutores de Catamarca interesados en conducir los distintos escenarios de la fiesta deben enviar cv y links con material que acredite su trabajo al correo electr\u00f3nico: gestioncultural@catamarca.gov.ar<\/p>\n<p>La se\u00f1al oficial de transmisi\u00f3n del Escenario Mayor -radial y televisiva- ser\u00e1 generada por Catamarca Radio y Televisi\u00f3n y se otorgar\u00e1 en forma libre para quienes quieran retransmitirla.<\/p>\n","protected":false},"excerpt":{"rendered":"<p>El Ministerio de Cultura, Turismo y Deporte de la provincia abri\u00f3 la convocatoria para los interesados en participar en el<\/p>\n","protected":false},"author":1,"featured_media":15186,"comment_status":"closed","ping_status":"closed","sticky":false,"template":"","format":"standard","meta":{"footnotes":"","jetpack_publicize_message":"","jetpack_publicize_feature_enabled":true,"jetpack_social_post_already_shared":true,"jetpack_social_options":{"image_generator_settings":{"template":"highway","enabled":false},"version":2}},"categories":[3],"tags":[],"class_list":["post-15185","post","type-post","status-publish","format-standard","has-post-thumbnail","hentry","category-sociedad"],"jetpack_publicize_connections":[],"_links":{"self":[{"href":"https:\/\/diariorepublica.com.ar\/web\/index.php\/wp-json\/wp\/v2\/posts\/15185"}],"collection":[{"href":"https:\/\/diariorepublica.com.ar\/web\/index.php\/wp-json\/wp\/v2\/posts"}],"about":[{"href":"https:\/\/diariorepublica.com.ar\/web\/index.php\/wp-json\/wp\/v2\/types\/post"}],"author":[{"embeddable":true,"href":"https:\/\/diariorepublica.com.ar\/web\/index.php\/wp-json\/wp\/v2\/users\/1"}],"replies":[{"embeddable":true,"href":"https:\/\/diariorepublica.com.ar\/web\/index.php\/wp-json\/wp\/v2\/comments?post=15185"}],"version-history":[{"count":1,"href":"https:\/\/diariorepublica.com.ar\/web\/index.php\/wp-json\/wp\/v2\/posts\/15185\/revisions"}],"predecessor-version":[{"id":15187,"href":"https:\/\/diariorepublica.com.ar\/web\/index.php\/wp-json\/wp\/v2\/posts\/15185\/revisions\/15187"}],"wp:featuredmedia":[{"embeddable":true,"href":"https:\/\/diariorepublica.com.ar\/web\/index.php\/wp-json\/wp\/v2\/media\/15186"}],"wp:attachment":[{"href":"https:\/\/diariorepublica.com.ar\/web\/index.php\/wp-json\/wp\/v2\/media?parent=15185"}],"wp:term":[{"taxonomy":"category","embeddable":true,"href":"https:\/\/diariorepublica.com.ar\/web\/index.php\/wp-json\/wp\/v2\/categories?post=15185"},{"taxonomy":"post_tag","embeddable":true,"href":"https:\/\/diariorepublica.com.ar\/web\/index.php\/wp-json\/wp\/v2\/tags?post=15185"}],"curies":[{"name":"wp","href":"https:\/\/api.w.org\/{rel}","templated":true}]}}