{"id":15227,"date":"2024-05-28T08:07:38","date_gmt":"2024-05-28T11:07:38","guid":{"rendered":"https:\/\/diariorepublica.com.ar\/web\/?p=15227"},"modified":"2024-05-28T08:07:41","modified_gmt":"2024-05-28T11:07:41","slug":"raul-e-intendentes-definieron-prioridades-de-obras-del-fideicomiso-de-regalias-mineras","status":"publish","type":"post","link":"https:\/\/diariorepublica.com.ar\/web\/index.php\/locales\/2024\/05\/28\/raul-e-intendentes-definieron-prioridades-de-obras-del-fideicomiso-de-regalias-mineras\/","title":{"rendered":"Ra\u00fal e intendentes definieron prioridades de obras del Fideicomiso de Regal\u00edas Mineras"},"content":{"rendered":"<p>En Casa de Gobierno, se llev\u00f3 a cabo la primera reuni\u00f3n ampliada del Fideicomiso de Regal\u00edas Mineras, donde participaron el gobernador Ra\u00fal Jalil y los intendentes de municipios de influencia de los proyectos mineros.<\/p>\n<p>En la oportunidad, el Gobernador, las autoridades del Fideicomiso e intendentes coincidieron en la necesidad de avanzar y culminar con las obras iniciadas (Hospital de Antofagasta, Terminal de Fiambal\u00e1, entre otras) y definieron que ser\u00e1n prioridades, de la utilizaci\u00f3n de los fondos mineros, las futuras obras vinculadas a energ\u00eda, agua y red vial, es decir, obras de infraestructura b\u00e1sica que permitan el desarrollo de las diferentes comunidades del Oeste catamarque\u00f1o.<\/p>\n<p>Por otra parte, se acord\u00f3 que en el transcurso de esta semana el ministro de Gobierno, Justicia y Derechos Humanos, Fernando \u00c1vila, comenzar\u00e1 a recorrer las diferentes jurisdicciones del Oeste provincial, a los efectos de dialogar tanto con vecinos como con los jefes comunales sobre la planificaci\u00f3n de las obras necesarias para los pr\u00f3ximos a\u00f1os a realizarse con los recursos obtenidos de la actividad minera.<\/p>\n<p>Hay que recordar que el ministro \u00c1vila es el titular del Comit\u00e9 de Consulta dentro del fideicomiso que tiene, entre sus tareas, el seguimiento de la ejecuci\u00f3n de obras y la coordinaci\u00f3n de la relaci\u00f3n con municipios.<\/p>\n<p>Participaron del encuentro de trabajo el ministro de Infraestructura y Obras Civiles y Administrador del Fideicomiso de Regal\u00edas Mineras, Juan Marchetti; los ministros de Gobierno, Justicia y Derechos Humanos, Fernando \u00c1vila; de Econom\u00eda, Alejandra Nazareno; de Trabajo, Planificaci\u00f3n y Recursos Humanos, Ver\u00f3nica Soria, y los intendentes de Fiambal\u00e1, Ra\u00fal \u00dasqueda, de Antofagasta de la Sierra, Mario Cusipuma, y de Tinogasta, Ernesto Andrada.<\/p>\n","protected":false},"excerpt":{"rendered":"<p>En Casa de Gobierno, se llev\u00f3 a cabo la primera reuni\u00f3n ampliada del Fideicomiso de Regal\u00edas Mineras, donde participaron el<\/p>\n","protected":false},"author":1,"featured_media":15229,"comment_status":"closed","ping_status":"closed","sticky":false,"template":"","format":"standard","meta":{"footnotes":"","jetpack_publicize_message":"","jetpack_publicize_feature_enabled":true,"jetpack_social_post_already_shared":true,"jetpack_social_options":{"image_generator_settings":{"template":"highway","enabled":false},"version":2}},"categories":[2],"tags":[],"class_list":["post-15227","post","type-post","status-publish","format-standard","has-post-thumbnail","hentry","category-locales"],"jetpack_publicize_connections":[],"_links":{"self":[{"href":"https:\/\/diariorepublica.com.ar\/web\/index.php\/wp-json\/wp\/v2\/posts\/15227"}],"collection":[{"href":"https:\/\/diariorepublica.com.ar\/web\/index.php\/wp-json\/wp\/v2\/posts"}],"about":[{"href":"https:\/\/diariorepublica.com.ar\/web\/index.php\/wp-json\/wp\/v2\/types\/post"}],"author":[{"embeddable":true,"href":"https:\/\/diariorepublica.com.ar\/web\/index.php\/wp-json\/wp\/v2\/users\/1"}],"replies":[{"embeddable":true,"href":"https:\/\/diariorepublica.com.ar\/web\/index.php\/wp-json\/wp\/v2\/comments?post=15227"}],"version-history":[{"count":1,"href":"https:\/\/diariorepublica.com.ar\/web\/index.php\/wp-json\/wp\/v2\/posts\/15227\/revisions"}],"predecessor-version":[{"id":15230,"href":"https:\/\/diariorepublica.com.ar\/web\/index.php\/wp-json\/wp\/v2\/posts\/15227\/revisions\/15230"}],"wp:featuredmedia":[{"embeddable":true,"href":"https:\/\/diariorepublica.com.ar\/web\/index.php\/wp-json\/wp\/v2\/media\/15229"}],"wp:attachment":[{"href":"https:\/\/diariorepublica.com.ar\/web\/index.php\/wp-json\/wp\/v2\/media?parent=15227"}],"wp:term":[{"taxonomy":"category","embeddable":true,"href":"https:\/\/diariorepublica.com.ar\/web\/index.php\/wp-json\/wp\/v2\/categories?post=15227"},{"taxonomy":"post_tag","embeddable":true,"href":"https:\/\/diariorepublica.com.ar\/web\/index.php\/wp-json\/wp\/v2\/tags?post=15227"}],"curies":[{"name":"wp","href":"https:\/\/api.w.org\/{rel}","templated":true}]}}