{"id":1525,"date":"2023-04-14T17:25:00","date_gmt":"2023-04-14T20:25:00","guid":{"rendered":"https:\/\/diariorepublica.com.ar\/web\/?p=1525"},"modified":"2023-04-14T18:00:18","modified_gmt":"2023-04-14T21:00:18","slug":"se-confirmo-la-lesion-de-lisandro-martinez-estara-varias-semanas-afuera-de-las-canchas","status":"publish","type":"post","link":"https:\/\/diariorepublica.com.ar\/web\/index.php\/deportes\/2023\/04\/14\/se-confirmo-la-lesion-de-lisandro-martinez-estara-varias-semanas-afuera-de-las-canchas\/","title":{"rendered":"Se confirm\u00f3 la lesi\u00f3n de Lisandro Mart\u00ednez: estar\u00e1 varias semanas afuera de las canchas"},"content":{"rendered":"<p>El defensor argentino Lisandro Mart\u00ednez sufri\u00f3 una fractura en el quinto metatarsiano del pie derecho, recuperaci\u00f3n que le llevar\u00e1 al campe\u00f3n del mundo aproximadamente entre ocho y diez semanas, luego de lesionarse en el encuentro que disput\u00f3 con Manchester United frente al Sevilla por la ida de los cuartos de final de la Europa League.<\/p>\n<p>El defensor del conjunto de Inglaterra se lastim\u00f3 solo cuando control\u00f3 una pelota en el duelo ante el elenco de Espa\u00f1a por la segunda competencia en importancia de Europa, y fue asistido por los m\u00e9dicos.<\/p>\n<p>Finalmente, el argentino debi\u00f3 salir del campo de juego sin poder apoyar su pie y fue acompa\u00f1ado por sus compatriotas: Marcos \u00abHuevo\u00bb Acu\u00f1a y Gonzalo Montiel, del equipo rival.<\/p>\n<p>Luego del partido, el entrenador Erik ten Hag habl\u00f3 sobre la lesi\u00f3n de Mart\u00ednez: \u00abHemos visto que abandona despu\u00e9s de un momento en el que no hab\u00eda ning\u00fan oponente involucrado, as\u00ed que no se ve bien. Vamos a tener que esperar. No puedo decir qu\u00e9 es, pero no parece el \u00e1rea del Aquiles\u00bb.<\/p>\n<p>Si bien la secuencia de c\u00f3mo se lesiono el campe\u00f3n del mundo en Qatar 2022 gener\u00f3 preocupaci\u00f3n e incertidumbre, finalmente los resultados arrojaron que fue m\u00e1s leve de lo imaginado, pero que igualmente deber\u00e1 aguardar la recuperaci\u00f3n y significar\u00e1 una baja sensible para una defensa que encontr\u00f3 su rumbo con un gran nivel del ex Defensa y Justicia.<\/p>\n","protected":false},"excerpt":{"rendered":"<p>El defensor argentino Lisandro Mart\u00ednez sufri\u00f3 una fractura en el quinto metatarsiano del pie derecho, recuperaci\u00f3n que le llevar\u00e1 al<\/p>\n","protected":false},"author":1,"featured_media":1526,"comment_status":"closed","ping_status":"closed","sticky":false,"template":"","format":"standard","meta":{"footnotes":"","jetpack_publicize_message":"","jetpack_publicize_feature_enabled":true,"jetpack_social_post_already_shared":false,"jetpack_social_options":{"image_generator_settings":{"template":"highway","enabled":false},"version":2}},"categories":[9],"tags":[],"class_list":["post-1525","post","type-post","status-publish","format-standard","has-post-thumbnail","hentry","category-deportes"],"jetpack_publicize_connections":[],"_links":{"self":[{"href":"https:\/\/diariorepublica.com.ar\/web\/index.php\/wp-json\/wp\/v2\/posts\/1525"}],"collection":[{"href":"https:\/\/diariorepublica.com.ar\/web\/index.php\/wp-json\/wp\/v2\/posts"}],"about":[{"href":"https:\/\/diariorepublica.com.ar\/web\/index.php\/wp-json\/wp\/v2\/types\/post"}],"author":[{"embeddable":true,"href":"https:\/\/diariorepublica.com.ar\/web\/index.php\/wp-json\/wp\/v2\/users\/1"}],"replies":[{"embeddable":true,"href":"https:\/\/diariorepublica.com.ar\/web\/index.php\/wp-json\/wp\/v2\/comments?post=1525"}],"version-history":[{"count":1,"href":"https:\/\/diariorepublica.com.ar\/web\/index.php\/wp-json\/wp\/v2\/posts\/1525\/revisions"}],"predecessor-version":[{"id":1527,"href":"https:\/\/diariorepublica.com.ar\/web\/index.php\/wp-json\/wp\/v2\/posts\/1525\/revisions\/1527"}],"wp:featuredmedia":[{"embeddable":true,"href":"https:\/\/diariorepublica.com.ar\/web\/index.php\/wp-json\/wp\/v2\/media\/1526"}],"wp:attachment":[{"href":"https:\/\/diariorepublica.com.ar\/web\/index.php\/wp-json\/wp\/v2\/media?parent=1525"}],"wp:term":[{"taxonomy":"category","embeddable":true,"href":"https:\/\/diariorepublica.com.ar\/web\/index.php\/wp-json\/wp\/v2\/categories?post=1525"},{"taxonomy":"post_tag","embeddable":true,"href":"https:\/\/diariorepublica.com.ar\/web\/index.php\/wp-json\/wp\/v2\/tags?post=1525"}],"curies":[{"name":"wp","href":"https:\/\/api.w.org\/{rel}","templated":true}]}}