{"id":15315,"date":"2024-05-30T01:50:00","date_gmt":"2024-05-30T04:50:00","guid":{"rendered":"https:\/\/diariorepublica.com.ar\/web\/?p=15315"},"modified":"2024-05-30T07:53:09","modified_gmt":"2024-05-30T10:53:09","slug":"quienes-son-los-nominados-de-esta-semana-en-gran-hermano","status":"publish","type":"post","link":"https:\/\/diariorepublica.com.ar\/web\/index.php\/espectaculos\/2024\/05\/30\/quienes-son-los-nominados-de-esta-semana-en-gran-hermano\/","title":{"rendered":"Qui\u00e9nes son los nominados de esta semana en Gran Hermano"},"content":{"rendered":"<p>En Gran Hermano (Telefe) se llev\u00f3 a cabo una nueva gala de nominaci\u00f3n despu\u00e9s de que los visitantes abandonaran la casa m\u00e1s famosa del pa\u00eds.<\/p>\n<p>La primera en nominar fue Delfina, la hija de Virginia Demo. La ganadora del premio de la casa sigui\u00f3 con la estrategia de su mam\u00e1 y fue por los &#8216;Bros&#8217;. Vot\u00f3 a Nicol\u00e1s Grosman y a Bautista Mascia. Luego, la rubia se despidi\u00f3 de los jugadores y de su madre y finalmente dej\u00f3 el reality.<\/p>\n<p>La segunda en pasar al confesionario fue Juliana &#8216;Furia&#8217; Scaglione, quien nomin\u00f3 a Emmanuel Vich y a Mart\u00edn Ku. Inmediatamente, vot\u00f3 Emma y le dio dos puntos a Bautista y uno a Nicol\u00e1s.<\/p>\n<p>Despu\u00e9s, la l\u00edder de la semana, Virginia, nomin\u00f3 a Nicol\u00e1s y al uruguayo. Dar\u00edo Mart\u00ednez Corti tambi\u00e9n fue por Nicol\u00e1s y Bautista. A su vez, Bautista vot\u00f3 a Dar\u00edo y a Emmanuel.<\/p>\n<p>Por su parte, el Chino nomin\u00f3 a \u00ablos nuevos\u00bb y le dio dos puntos a Dar\u00edo y uno a Florencia Regidor. Acto seguido vot\u00f3 Nicol\u00e1s, quien nomin\u00f3 a Emmanuel y a Dar\u00edo.<\/p>\n<p>Por \u00faltimo, nomin\u00f3 Florencia, quien contaba con doble voto por haber atendido el tel\u00e9fono rojo, y le dio cuatro puntos a Bautista y dos a Mart\u00edn.<\/p>\n<p>Por lo tanto, los nominados de esta semana son: Furia, Bautista, Mart\u00edn, Nicol\u00e1s, Emmanuel y Dar\u00edo. El jueves la l\u00edder de la semana terminar\u00e1 de definir la placa al subir y bajar a un participante. Al no tener otra opci\u00f3n, Virginia tendr\u00e1 que subir a Florencia y\u00a0 revelar\u00e1 a qu\u00e9 jugador salvar\u00e1.<\/p>\n","protected":false},"excerpt":{"rendered":"<p>En Gran Hermano (Telefe) se llev\u00f3 a cabo una nueva gala de nominaci\u00f3n despu\u00e9s de que los visitantes abandonaran la<\/p>\n","protected":false},"author":1,"featured_media":15316,"comment_status":"closed","ping_status":"closed","sticky":false,"template":"","format":"standard","meta":{"footnotes":"","jetpack_publicize_message":"","jetpack_publicize_feature_enabled":true,"jetpack_social_post_already_shared":true,"jetpack_social_options":{"image_generator_settings":{"template":"highway","enabled":false},"version":2}},"categories":[7],"tags":[],"class_list":["post-15315","post","type-post","status-publish","format-standard","has-post-thumbnail","hentry","category-espectaculos"],"jetpack_publicize_connections":[],"_links":{"self":[{"href":"https:\/\/diariorepublica.com.ar\/web\/index.php\/wp-json\/wp\/v2\/posts\/15315"}],"collection":[{"href":"https:\/\/diariorepublica.com.ar\/web\/index.php\/wp-json\/wp\/v2\/posts"}],"about":[{"href":"https:\/\/diariorepublica.com.ar\/web\/index.php\/wp-json\/wp\/v2\/types\/post"}],"author":[{"embeddable":true,"href":"https:\/\/diariorepublica.com.ar\/web\/index.php\/wp-json\/wp\/v2\/users\/1"}],"replies":[{"embeddable":true,"href":"https:\/\/diariorepublica.com.ar\/web\/index.php\/wp-json\/wp\/v2\/comments?post=15315"}],"version-history":[{"count":1,"href":"https:\/\/diariorepublica.com.ar\/web\/index.php\/wp-json\/wp\/v2\/posts\/15315\/revisions"}],"predecessor-version":[{"id":15317,"href":"https:\/\/diariorepublica.com.ar\/web\/index.php\/wp-json\/wp\/v2\/posts\/15315\/revisions\/15317"}],"wp:featuredmedia":[{"embeddable":true,"href":"https:\/\/diariorepublica.com.ar\/web\/index.php\/wp-json\/wp\/v2\/media\/15316"}],"wp:attachment":[{"href":"https:\/\/diariorepublica.com.ar\/web\/index.php\/wp-json\/wp\/v2\/media?parent=15315"}],"wp:term":[{"taxonomy":"category","embeddable":true,"href":"https:\/\/diariorepublica.com.ar\/web\/index.php\/wp-json\/wp\/v2\/categories?post=15315"},{"taxonomy":"post_tag","embeddable":true,"href":"https:\/\/diariorepublica.com.ar\/web\/index.php\/wp-json\/wp\/v2\/tags?post=15315"}],"curies":[{"name":"wp","href":"https:\/\/api.w.org\/{rel}","templated":true}]}}