{"id":15346,"date":"2024-05-30T01:12:00","date_gmt":"2024-05-30T04:12:00","guid":{"rendered":"https:\/\/diariorepublica.com.ar\/web\/?p=15346"},"modified":"2024-05-30T08:13:42","modified_gmt":"2024-05-30T11:13:42","slug":"talleres-de-cordoba-perdio-ante-san-pablo-y-finalizo-segundo-en-su-zona","status":"publish","type":"post","link":"https:\/\/diariorepublica.com.ar\/web\/index.php\/deportes\/2024\/05\/30\/talleres-de-cordoba-perdio-ante-san-pablo-y-finalizo-segundo-en-su-zona\/","title":{"rendered":"Talleres de C\u00f3rdoba perdi\u00f3 ante San Pablo y finaliz\u00f3 segundo en su zona"},"content":{"rendered":"<article id=\"article-post\" class=\"first\">\n<div class=\"cuerpo\" data-twitter-link=\"https:\/\/twitter.com\/intent\/tweet?url=https:\/\/www.diariopopular.com.ar\/c788996&amp;via=poopulardiario&amp;related=Popular&amp;text=\">\n<p><strong>Talleres de C\u00f3rdoba perdi\u00f3 ante San Pablo 2-0 en condici\u00f3n de visitante y debi\u00f3 conformarse con clasificar segundo en el Grupo B de la Copa Libertadores, que qued\u00f3 en poder de su verdugo por tener mejor diferencia de gol que el elenco argentino.<\/strong><\/p>\n<\/div>\n<\/article>\n<article id=\"article-post\">\n<div class=\"cuerpo\" data-twitter-link=\"https:\/\/twitter.com\/intent\/tweet?url=https:\/\/www.diariopopular.com.ar\/c788996&amp;via=poopulardiario&amp;related=Popular&amp;text=\">\n<p>El conjunto orientado t\u00e1cticamente por Walter Ribonetto resisti\u00f3 en la primera mitad en la que trat\u00f3 de hacer lento el desarrollo y casi se sale con la suya. Pero en tiempo adicionado Lucas Moura, mediante un tiro penal, le dio la ventaja parcial al equipo paulista.<\/p>\n<p>Y en el \u00faltimo minuto del tiempo reglamentario, el anfitri\u00f3n liquid\u00f3 el pleito con un golazo de Luciano, que sac\u00f3 un zurdazo combado de afuera del \u00e1rea para dejar sin chances a Herrera y asegurar el \u00e9xito del equipo orientado por el argentino Luis Zubeld\u00eda.<\/p>\n<p>Los cordobeses tuvieron pocas respuestas cuando quedaron en desventaja. Generaron muy poco en ataque, en el cierre perdieron al venezolano Miguel Navarro, quien vio la tarjeta roja, y quedaron segundos en su zona. Ahora esperar\u00e1n a su rival en la pr\u00f3xima fase en la que ser\u00e1n locales en la ida para definir la serie como visitantes.<\/p>\n<div id=\"embed7_wrap\" class=\"embed_cont type_freetext\" contenteditable=\"false\">\n<div id=\"embed7_content\" class=\"embed_content\">\n<div id=\"embed7_embed\">\n<div class=\"video_container\"><iframe loading=\"lazy\" class=\"video_iframe\" src=\"https:\/\/www.youtube.com\/embed\/4z-PhxVXHHk\" width=\"100%\" height=\"360\" frameborder=\"0\" scrolling=\"no\" data-gtm-yt-inspected-11=\"true\" data-mce-fragment=\"1\"><\/iframe><\/div>\n<\/div>\n<\/div>\n<div id=\"embed7_epigrafe\" class=\"embed_epigrafe\"><\/div>\n<\/div>\n<\/div>\n<\/article>\n","protected":false},"excerpt":{"rendered":"<p>Talleres de C\u00f3rdoba perdi\u00f3 ante San Pablo 2-0 en condici\u00f3n de visitante y debi\u00f3 conformarse con clasificar segundo en el<\/p>\n","protected":false},"author":1,"featured_media":15347,"comment_status":"closed","ping_status":"closed","sticky":false,"template":"","format":"standard","meta":{"footnotes":"","jetpack_publicize_message":"","jetpack_publicize_feature_enabled":true,"jetpack_social_post_already_shared":true,"jetpack_social_options":{"image_generator_settings":{"template":"highway","enabled":false},"version":2}},"categories":[9],"tags":[],"class_list":["post-15346","post","type-post","status-publish","format-standard","has-post-thumbnail","hentry","category-deportes"],"jetpack_publicize_connections":[],"_links":{"self":[{"href":"https:\/\/diariorepublica.com.ar\/web\/index.php\/wp-json\/wp\/v2\/posts\/15346"}],"collection":[{"href":"https:\/\/diariorepublica.com.ar\/web\/index.php\/wp-json\/wp\/v2\/posts"}],"about":[{"href":"https:\/\/diariorepublica.com.ar\/web\/index.php\/wp-json\/wp\/v2\/types\/post"}],"author":[{"embeddable":true,"href":"https:\/\/diariorepublica.com.ar\/web\/index.php\/wp-json\/wp\/v2\/users\/1"}],"replies":[{"embeddable":true,"href":"https:\/\/diariorepublica.com.ar\/web\/index.php\/wp-json\/wp\/v2\/comments?post=15346"}],"version-history":[{"count":1,"href":"https:\/\/diariorepublica.com.ar\/web\/index.php\/wp-json\/wp\/v2\/posts\/15346\/revisions"}],"predecessor-version":[{"id":15348,"href":"https:\/\/diariorepublica.com.ar\/web\/index.php\/wp-json\/wp\/v2\/posts\/15346\/revisions\/15348"}],"wp:featuredmedia":[{"embeddable":true,"href":"https:\/\/diariorepublica.com.ar\/web\/index.php\/wp-json\/wp\/v2\/media\/15347"}],"wp:attachment":[{"href":"https:\/\/diariorepublica.com.ar\/web\/index.php\/wp-json\/wp\/v2\/media?parent=15346"}],"wp:term":[{"taxonomy":"category","embeddable":true,"href":"https:\/\/diariorepublica.com.ar\/web\/index.php\/wp-json\/wp\/v2\/categories?post=15346"},{"taxonomy":"post_tag","embeddable":true,"href":"https:\/\/diariorepublica.com.ar\/web\/index.php\/wp-json\/wp\/v2\/tags?post=15346"}],"curies":[{"name":"wp","href":"https:\/\/api.w.org\/{rel}","templated":true}]}}