{"id":15358,"date":"2024-05-30T08:36:30","date_gmt":"2024-05-30T11:36:30","guid":{"rendered":"https:\/\/diariorepublica.com.ar\/web\/?p=15358"},"modified":"2024-05-30T08:36:33","modified_gmt":"2024-05-30T11:36:33","slug":"raul-jalil-gestiono-fondos-ante-el-cfi-para-fortalecer-las-pymes-catamarquenas","status":"publish","type":"post","link":"https:\/\/diariorepublica.com.ar\/web\/index.php\/politica\/2024\/05\/30\/raul-jalil-gestiono-fondos-ante-el-cfi-para-fortalecer-las-pymes-catamarquenas\/","title":{"rendered":"<strong>Ra\u00fal Jalil gestion\u00f3 fondos ante el CFI para fortalecer las PyMEs catamarque\u00f1as<\/strong>"},"content":{"rendered":"<p>En una reuni\u00f3n celebrada en el Consejo Federal de Inversiones (CFI), se firm\u00f3 un convenio entre el CFI y el Gobierno de Catamarca para el fortalecimiento del Fondo de Garant\u00eda de car\u00e1cter p\u00fablico de la provincia, FOGACAT. Encabezaron el encuentro el gobernador Ra\u00fal Jalil y el secretario general del CFI, Ignacio Lamothe.<\/p>\n<p>El convenio contempla un aporte de $500 millones destinado a asistir financieramente al FOGACAT con el fin de reforzar las acciones llevadas adelante por la Provincia y el CFI, tendientes a lograr una mayor inclusi\u00f3n financiera y potenciar las herramientas con las que actualmente cuentan las micro, peque\u00f1as y medianas empresas (MiPyMEs) provinciales que requieren financiamiento para realizar inversiones en innovaci\u00f3n, tecnolog\u00eda, eficiencia, transformaci\u00f3n digital de procesos y modelos de negocios, cuidado del ambiente, certificaciones de calidad, financiaci\u00f3n de exportaciones, etc.<\/p>\n<p>Desde el CFI destacaron que \u201ccon el primer aporte de capital, acompa\u00f1amos a la provincia de Catamarca en el fortalecimiento de su fondo de garant\u00eda de car\u00e1cter p\u00fablico\u201d, remarcando que dichos recursos, \u201cson herramientas necesarias para la inclusi\u00f3n financiera de m\u00e1s MiPyMEs\u201d.<\/p>\n<p>Al mismo tiempo remarcaron: \u201cdise\u00f1amos herramientas para fortalecer la institucionalidad del financiamiento productivo de las provincias argentinas y facilitar el acceso a cr\u00e9dito para proyectos estrat\u00e9gicos para el desarrollo federal\u201d.<\/p>\n","protected":false},"excerpt":{"rendered":"<p>En una reuni\u00f3n celebrada en el Consejo Federal de Inversiones (CFI), se firm\u00f3 un convenio entre el CFI y el<\/p>\n","protected":false},"author":2,"featured_media":15359,"comment_status":"closed","ping_status":"closed","sticky":false,"template":"","format":"standard","meta":{"footnotes":"","jetpack_publicize_message":"","jetpack_publicize_feature_enabled":true,"jetpack_social_post_already_shared":true,"jetpack_social_options":{"image_generator_settings":{"template":"highway","enabled":false},"version":2}},"categories":[12],"tags":[],"class_list":["post-15358","post","type-post","status-publish","format-standard","has-post-thumbnail","hentry","category-politica"],"jetpack_publicize_connections":[],"_links":{"self":[{"href":"https:\/\/diariorepublica.com.ar\/web\/index.php\/wp-json\/wp\/v2\/posts\/15358"}],"collection":[{"href":"https:\/\/diariorepublica.com.ar\/web\/index.php\/wp-json\/wp\/v2\/posts"}],"about":[{"href":"https:\/\/diariorepublica.com.ar\/web\/index.php\/wp-json\/wp\/v2\/types\/post"}],"author":[{"embeddable":true,"href":"https:\/\/diariorepublica.com.ar\/web\/index.php\/wp-json\/wp\/v2\/users\/2"}],"replies":[{"embeddable":true,"href":"https:\/\/diariorepublica.com.ar\/web\/index.php\/wp-json\/wp\/v2\/comments?post=15358"}],"version-history":[{"count":1,"href":"https:\/\/diariorepublica.com.ar\/web\/index.php\/wp-json\/wp\/v2\/posts\/15358\/revisions"}],"predecessor-version":[{"id":15360,"href":"https:\/\/diariorepublica.com.ar\/web\/index.php\/wp-json\/wp\/v2\/posts\/15358\/revisions\/15360"}],"wp:featuredmedia":[{"embeddable":true,"href":"https:\/\/diariorepublica.com.ar\/web\/index.php\/wp-json\/wp\/v2\/media\/15359"}],"wp:attachment":[{"href":"https:\/\/diariorepublica.com.ar\/web\/index.php\/wp-json\/wp\/v2\/media?parent=15358"}],"wp:term":[{"taxonomy":"category","embeddable":true,"href":"https:\/\/diariorepublica.com.ar\/web\/index.php\/wp-json\/wp\/v2\/categories?post=15358"},{"taxonomy":"post_tag","embeddable":true,"href":"https:\/\/diariorepublica.com.ar\/web\/index.php\/wp-json\/wp\/v2\/tags?post=15358"}],"curies":[{"name":"wp","href":"https:\/\/api.w.org\/{rel}","templated":true}]}}