{"id":15384,"date":"2024-05-31T08:31:23","date_gmt":"2024-05-31T11:31:23","guid":{"rendered":"https:\/\/diariorepublica.com.ar\/web\/?p=15384"},"modified":"2024-05-31T08:31:25","modified_gmt":"2024-05-31T11:31:25","slug":"acreditacion-de-haberes-para-la-administracion-publica","status":"publish","type":"post","link":"https:\/\/diariorepublica.com.ar\/web\/index.php\/sociedad\/2024\/05\/31\/acreditacion-de-haberes-para-la-administracion-publica\/","title":{"rendered":"Acreditaci\u00f3n de haberes para la Administraci\u00f3n P\u00fablica"},"content":{"rendered":"<p>El Ministerio de Econom\u00eda informa que la acreditaci\u00f3n de haberes del mes de mayo se realizar\u00e1 conforme al siguiente cronograma:<\/p>\n<p><strong>Martes 4 de junio:<\/strong>\u00a0Organismos de la Administraci\u00f3n P\u00fablica<\/p>\n<p><strong>\u00a0Mi\u00e9rcoles 5 de junio:<\/strong>\u00a0Docentes<\/p>\n","protected":false},"excerpt":{"rendered":"<p>El Ministerio de Econom\u00eda informa que la acreditaci\u00f3n de haberes del mes de mayo se realizar\u00e1 conforme al siguiente cronograma:<\/p>\n","protected":false},"author":2,"featured_media":15385,"comment_status":"closed","ping_status":"closed","sticky":false,"template":"","format":"standard","meta":{"footnotes":"","jetpack_publicize_message":"","jetpack_publicize_feature_enabled":true,"jetpack_social_post_already_shared":true,"jetpack_social_options":{"image_generator_settings":{"template":"highway","enabled":false},"version":2}},"categories":[3],"tags":[],"class_list":["post-15384","post","type-post","status-publish","format-standard","has-post-thumbnail","hentry","category-sociedad"],"jetpack_publicize_connections":[],"_links":{"self":[{"href":"https:\/\/diariorepublica.com.ar\/web\/index.php\/wp-json\/wp\/v2\/posts\/15384"}],"collection":[{"href":"https:\/\/diariorepublica.com.ar\/web\/index.php\/wp-json\/wp\/v2\/posts"}],"about":[{"href":"https:\/\/diariorepublica.com.ar\/web\/index.php\/wp-json\/wp\/v2\/types\/post"}],"author":[{"embeddable":true,"href":"https:\/\/diariorepublica.com.ar\/web\/index.php\/wp-json\/wp\/v2\/users\/2"}],"replies":[{"embeddable":true,"href":"https:\/\/diariorepublica.com.ar\/web\/index.php\/wp-json\/wp\/v2\/comments?post=15384"}],"version-history":[{"count":1,"href":"https:\/\/diariorepublica.com.ar\/web\/index.php\/wp-json\/wp\/v2\/posts\/15384\/revisions"}],"predecessor-version":[{"id":15386,"href":"https:\/\/diariorepublica.com.ar\/web\/index.php\/wp-json\/wp\/v2\/posts\/15384\/revisions\/15386"}],"wp:featuredmedia":[{"embeddable":true,"href":"https:\/\/diariorepublica.com.ar\/web\/index.php\/wp-json\/wp\/v2\/media\/15385"}],"wp:attachment":[{"href":"https:\/\/diariorepublica.com.ar\/web\/index.php\/wp-json\/wp\/v2\/media?parent=15384"}],"wp:term":[{"taxonomy":"category","embeddable":true,"href":"https:\/\/diariorepublica.com.ar\/web\/index.php\/wp-json\/wp\/v2\/categories?post=15384"},{"taxonomy":"post_tag","embeddable":true,"href":"https:\/\/diariorepublica.com.ar\/web\/index.php\/wp-json\/wp\/v2\/tags?post=15384"}],"curies":[{"name":"wp","href":"https:\/\/api.w.org\/{rel}","templated":true}]}}