{"id":15394,"date":"2024-05-31T12:03:51","date_gmt":"2024-05-31T15:03:51","guid":{"rendered":"https:\/\/diariorepublica.com.ar\/web\/?p=15394"},"modified":"2024-05-31T12:03:53","modified_gmt":"2024-05-31T15:03:53","slug":"milei-pettovello-es-la-mejor-ministra-en-el-area-social-desde-el-regreso-de-la-democracia","status":"publish","type":"post","link":"https:\/\/diariorepublica.com.ar\/web\/index.php\/politica\/2024\/05\/31\/milei-pettovello-es-la-mejor-ministra-en-el-area-social-desde-el-regreso-de-la-democracia\/","title":{"rendered":"Milei: \u00abPettovello es La mejor ministra en el \u00e1rea social desde el regreso de la democracia\u00bb"},"content":{"rendered":"<p>En medio de los cuestionamientos por los alimentos almacenados que se est\u00e1n por vencer y que no fueron repartidos, el presidente Javier Milei sali\u00f3 a defender a la responsable del \u00e1rea, la ministra de Capital Humano, Sandra Pettovello.<\/p>\n<p>El jefe de Estado comparti\u00f3 en redes sociales un mensaje que destaca que \u00abluego del \u00faltimo aumento, la AUH est\u00e1 en t\u00e9rminos reales en los niveles m\u00e1s altos desde 2019, por encima de todo el \u00faltimo gobierno K\u00bb.<\/p>\n<p>\u00abY despu\u00e9s critican a Pettovello&#8230; La mejor ministra en el \u00e1rea social sin lugar a dudas desde el regreso de la democracia&#8230;\u00bb, a\u00f1adi\u00f3 el mandatario.<\/p>\n<p>Tambi\u00e9n la respald\u00f3 el jefe de Gabinete, Guillermo Francos, al explicar c\u00f3mo procedi\u00f3 la titular de la cartera al encontrarse con la problem\u00e1tica: \u00abPor lo que me cont\u00f3 la ministra, la informaci\u00f3n que le hab\u00edan brindado sobre estos alimentos en dep\u00f3sitos no incluy\u00f3 que algunos ten\u00edan vencimientos, como el caso de la leche en polvo. Cuando se enter\u00f3 que hab\u00eda leche en polvo con vencimiento en julio, Pettovello orden\u00f3 su inmediata distribuci\u00f3n y tom\u00f3 una medida con el funcionario a cargo, que deriv\u00f3 en su renuncia\u00bb.<\/p>\n<p>Al apoyo se sum\u00f3 el vocero presidencial, Manuel Adorni: \u00abLa ministra Pettovello no est\u00e1 en discusi\u00f3n, sino que adem\u00e1s no dejamos a diario de ponerla en valor: para nosotros es una n\u00famero uno y lo est\u00e1 dando todo en un Ministerio tan complicado con cuestiones que no funcionaban o lo hac\u00edan con cierta falta de transparencia\u00bb.<\/p>\n<p>En conferencia de prensa, el funcionario afirm\u00f3 que la titular de la cartera social \u00abest\u00e1 haciendo un trabajo incre\u00edble\u00bb.<\/p>\n<p>Al ser consultado sobre los vencimientos de los alimentos almacenados, Adorni se\u00f1al\u00f3: \u00abEl cronograma (de entrega) no est\u00e1 definido. La primera fecha de vencimiento se da el 7 de junio, un lote menor de alimentos, y otro el 30 y el primero de agosto, leche. Harina, vencimiento 25 de junio\u00bb.<\/p>\n<p>\u00abEs falso que se estaban venciendo. Tendr\u00eda que haber mucho cinismo para dejar vencer alimentos y no repartirlos. No se van a repartir por repartirse porque est\u00e1n destinado a urgencias. Las asistencias alimentarias a comedores va por otro carril\u00bb, expres\u00f3.<\/p>\n<p>El Gobierno decidi\u00f3 echar ayer al secretario de Ni\u00f1ez y Familia del Ministerio de Capital Humano, Pablo de la Torre.<\/p>\n<p>\u00abEl Ministerio de Capital Humano, a cargo de Sandra Pettovello, informa que a ra\u00edz de una informaci\u00f3n recibida sobre el estado y fechas de vencimiento de determinados productos adquiridos por el gobierno anterior (los cuales se encuentran en los galpones de Villa Martelli y de Taf\u00ed Viejo, en la provincia de Tucum\u00e1n, del ex Ministerio de Desarrollo Social), ha llevado a cabo una auditor\u00eda y ha decidido limitar las competencias de los funcionarios y empleados responsables que, por mal desempe\u00f1o de sus tareas, no han realizado un control permanente de stock y de vencimiento de mercader\u00eda\u00bb, expres\u00f3 el organismo en un comunicado.<\/p>\n<p>Adem\u00e1s, agreg\u00f3: \u00abSe realizar\u00e1n las investigaciones administrativas correspondientes, asimismo, se pone en marcha un protocolo para la entrega inmediata de los alimentos de pr\u00f3ximo vencimiento por medio del Ej\u00e9rcito Argentino para garantizar una log\u00edstica r\u00e1pida y eficiente\u00bb.<\/p>\n<p>La decisi\u00f3n de desplazar a De la Torre coincidi\u00f3 con una semana de purga en el Gobierno Nacional, siendo la principal salida la del ex jefe de Gabinete, Nicol\u00e1s Posse.<\/p>\n<p>El s\u00e1bado pasado, De la Torre hab\u00eda asegurado que los alimentos que hab\u00eda en stock \u00abest\u00e1n en perfecto estado\u00bb y est\u00e1n destinado \u00abpara todo lo que son emergencias\u00bb.<\/p>\n<p>\u00abLa comida est\u00e1 en perfecto estado, no est\u00e1 vencida, no se est\u00e1 pudriendo y se utiliza directamente para todo lo que son emergencias. En la Argentina hay una cat\u00e1strofe cada 10 o 15 d\u00edas y hay que asistir\u00bb, sostuvo el entonces secretario de Ni\u00f1ez y Familia del Ministerio de Capital Humano.<\/p>\n<p>Sin embargo, la cartera inform\u00f3 que hab\u00eda alimentos caducos que no hab\u00edan sido repartidos y culp\u00f3 a esa secretar\u00eda por no llevar un control de los mismos.<\/p>\n<p>La pol\u00e9mica por los alimentos no repartidos comenz\u00f3 la semana pasada, cuando dirigentes opositores denunciaron que hab\u00eda mercader\u00eda sin utilizar, que podr\u00eda ser entregada a los comedores.<\/p>\n<p>El Gobierno primero dijo que los productos no estaban vencidos, pero al comprobar lo contrario, tom\u00f3 la decisi\u00f3n de desplazar de su cargo a De la Torre, hermano de Joaqu\u00edn de la Torre, el ex<br \/>\nintendente de San Miguel.<\/p>\n<p>\u201cFue un honor ser parte del Gobierno Nacional durante estos meses. Seguir\u00e9 trabajando por nuestra Patria desde el lugar que me toque. Pido a Dios que ilumine al presidente Milei en la enorme tarea que es sacar a este pa\u00eds adelante\u201d, public\u00f3 el ex funcionario en su cuenta de X.<\/p>\n","protected":false},"excerpt":{"rendered":"<p>En medio de los cuestionamientos por los alimentos almacenados que se est\u00e1n por vencer y que no fueron repartidos, el<\/p>\n","protected":false},"author":1,"featured_media":15395,"comment_status":"closed","ping_status":"closed","sticky":false,"template":"","format":"standard","meta":{"footnotes":"","jetpack_publicize_message":"","jetpack_publicize_feature_enabled":true,"jetpack_social_post_already_shared":true,"jetpack_social_options":{"image_generator_settings":{"template":"highway","enabled":false},"version":2}},"categories":[12],"tags":[],"class_list":["post-15394","post","type-post","status-publish","format-standard","has-post-thumbnail","hentry","category-politica"],"jetpack_publicize_connections":[],"_links":{"self":[{"href":"https:\/\/diariorepublica.com.ar\/web\/index.php\/wp-json\/wp\/v2\/posts\/15394"}],"collection":[{"href":"https:\/\/diariorepublica.com.ar\/web\/index.php\/wp-json\/wp\/v2\/posts"}],"about":[{"href":"https:\/\/diariorepublica.com.ar\/web\/index.php\/wp-json\/wp\/v2\/types\/post"}],"author":[{"embeddable":true,"href":"https:\/\/diariorepublica.com.ar\/web\/index.php\/wp-json\/wp\/v2\/users\/1"}],"replies":[{"embeddable":true,"href":"https:\/\/diariorepublica.com.ar\/web\/index.php\/wp-json\/wp\/v2\/comments?post=15394"}],"version-history":[{"count":1,"href":"https:\/\/diariorepublica.com.ar\/web\/index.php\/wp-json\/wp\/v2\/posts\/15394\/revisions"}],"predecessor-version":[{"id":15396,"href":"https:\/\/diariorepublica.com.ar\/web\/index.php\/wp-json\/wp\/v2\/posts\/15394\/revisions\/15396"}],"wp:featuredmedia":[{"embeddable":true,"href":"https:\/\/diariorepublica.com.ar\/web\/index.php\/wp-json\/wp\/v2\/media\/15395"}],"wp:attachment":[{"href":"https:\/\/diariorepublica.com.ar\/web\/index.php\/wp-json\/wp\/v2\/media?parent=15394"}],"wp:term":[{"taxonomy":"category","embeddable":true,"href":"https:\/\/diariorepublica.com.ar\/web\/index.php\/wp-json\/wp\/v2\/categories?post=15394"},{"taxonomy":"post_tag","embeddable":true,"href":"https:\/\/diariorepublica.com.ar\/web\/index.php\/wp-json\/wp\/v2\/tags?post=15394"}],"curies":[{"name":"wp","href":"https:\/\/api.w.org\/{rel}","templated":true}]}}