{"id":15397,"date":"2024-05-31T12:07:45","date_gmt":"2024-05-31T15:07:45","guid":{"rendered":"https:\/\/diariorepublica.com.ar\/web\/?p=15397"},"modified":"2024-05-31T12:07:47","modified_gmt":"2024-05-31T15:07:47","slug":"el-gobierno-de-milei-explico-por-que-echo-a-de-la-torre-y-ratifico-el-apoyo-absoluto-a-pettovello","status":"publish","type":"post","link":"https:\/\/diariorepublica.com.ar\/web\/index.php\/nacionales\/2024\/05\/31\/el-gobierno-de-milei-explico-por-que-echo-a-de-la-torre-y-ratifico-el-apoyo-absoluto-a-pettovello\/","title":{"rendered":"El gobierno de Milei explic\u00f3 por qu\u00e9 ech\u00f3 a De la Torre y ratific\u00f3 el apoyo \u00ababsoluto\u00bb a Pettovello"},"content":{"rendered":"<p>El Gobierno asegur\u00f3 que el cargo de la ministra Sandra Pettovello, a cargo de Capital Humano, \u00abno est\u00e1 en discusi\u00f3n\u00bb y a la vez explic\u00f3 los motivos por los cuales fue despedido Pablo de la Torre, ex secretario de Ni\u00f1ez y Familia, en el marco del esc\u00e1ndalo por los alimentos almacenados en galpones.<\/p>\n<p>El portavoz Manuel Adorni adjudic\u00f3 la salida del funcionario a \u00abproblemas en la gesti\u00f3n\u00bb y a que la ministra \u00abno estaba obteniendo la informaci\u00f3n que requer\u00eda\u00bb.<\/p>\n<p>\u00abNo trabajamos con gente que no tengamos el 100% de confianza, independientemente de la aptitud\u00bb, lanz\u00f3 el vocero este viernes en conferencia de prensa.<\/p>\n<p>\u00abNosotros no secuestramos nada, menos alimentos\u00bb, se defendi\u00f3 Adorni al ser consultado continuamente sobre el tema. Y garantiz\u00f3: \u00abEl presidente (Javier Milei) est\u00e1 al tanto de todo. El apoyo a Pettovello es absoluto\u00bb.<\/p>\n<p>Al ser consultado sobre los vencimientos de los alimentos almacenados, el funcionario se\u00f1al\u00f3: \u00abEl cronograma (de entrega) no est\u00e1 definido. La primera fecha de vencimiento se da el 7 de junio, un lote menor de alimentos, y otro el 30 y el primero de agosto, leche. Harina, vencimiento 25 de junio\u00bb.<\/p>\n<p>\u00abEs falso que se estaban venciendo. Tendr\u00eda que haber mucho cinismo para dejar vencer alimentos y no repartirlos. No se van a repartir por repartirse porque est\u00e1n destinado a urgencias. Las asistencias alimentarias a comedores va por otro carril\u00bb, concluy\u00f3.<\/p>\n","protected":false},"excerpt":{"rendered":"<p>El Gobierno asegur\u00f3 que el cargo de la ministra Sandra Pettovello, a cargo de Capital Humano, \u00abno est\u00e1 en discusi\u00f3n\u00bb<\/p>\n","protected":false},"author":1,"featured_media":15398,"comment_status":"closed","ping_status":"closed","sticky":false,"template":"","format":"standard","meta":{"footnotes":"","jetpack_publicize_message":"","jetpack_publicize_feature_enabled":true,"jetpack_social_post_already_shared":true,"jetpack_social_options":{"image_generator_settings":{"template":"highway","enabled":false},"version":2}},"categories":[4],"tags":[],"class_list":["post-15397","post","type-post","status-publish","format-standard","has-post-thumbnail","hentry","category-nacionales"],"jetpack_publicize_connections":[],"_links":{"self":[{"href":"https:\/\/diariorepublica.com.ar\/web\/index.php\/wp-json\/wp\/v2\/posts\/15397"}],"collection":[{"href":"https:\/\/diariorepublica.com.ar\/web\/index.php\/wp-json\/wp\/v2\/posts"}],"about":[{"href":"https:\/\/diariorepublica.com.ar\/web\/index.php\/wp-json\/wp\/v2\/types\/post"}],"author":[{"embeddable":true,"href":"https:\/\/diariorepublica.com.ar\/web\/index.php\/wp-json\/wp\/v2\/users\/1"}],"replies":[{"embeddable":true,"href":"https:\/\/diariorepublica.com.ar\/web\/index.php\/wp-json\/wp\/v2\/comments?post=15397"}],"version-history":[{"count":1,"href":"https:\/\/diariorepublica.com.ar\/web\/index.php\/wp-json\/wp\/v2\/posts\/15397\/revisions"}],"predecessor-version":[{"id":15399,"href":"https:\/\/diariorepublica.com.ar\/web\/index.php\/wp-json\/wp\/v2\/posts\/15397\/revisions\/15399"}],"wp:featuredmedia":[{"embeddable":true,"href":"https:\/\/diariorepublica.com.ar\/web\/index.php\/wp-json\/wp\/v2\/media\/15398"}],"wp:attachment":[{"href":"https:\/\/diariorepublica.com.ar\/web\/index.php\/wp-json\/wp\/v2\/media?parent=15397"}],"wp:term":[{"taxonomy":"category","embeddable":true,"href":"https:\/\/diariorepublica.com.ar\/web\/index.php\/wp-json\/wp\/v2\/categories?post=15397"},{"taxonomy":"post_tag","embeddable":true,"href":"https:\/\/diariorepublica.com.ar\/web\/index.php\/wp-json\/wp\/v2\/tags?post=15397"}],"curies":[{"name":"wp","href":"https:\/\/api.w.org\/{rel}","templated":true}]}}