{"id":15409,"date":"2024-06-03T07:54:32","date_gmt":"2024-06-03T10:54:32","guid":{"rendered":"https:\/\/diariorepublica.com.ar\/web\/?p=15409"},"modified":"2024-06-03T07:54:33","modified_gmt":"2024-06-03T10:54:33","slug":"ley-bases-el-gobierno-le-puso-fecha-a-la-aprobacion-del-proyecto-de-javier-milei","status":"publish","type":"post","link":"https:\/\/diariorepublica.com.ar\/web\/index.php\/politica\/2024\/06\/03\/ley-bases-el-gobierno-le-puso-fecha-a-la-aprobacion-del-proyecto-de-javier-milei\/","title":{"rendered":"Ley Bases: el Gobierno le puso fecha a la aprobaci\u00f3n del proyecto de Javier Milei"},"content":{"rendered":"<p>El jefe de Gabinete, Guillermo Francos, vaticin\u00f3 que la Ley Bases impulsada por el Gobierno de Javier Milei \u00abva a salir en el mes de julio\u00bb.<\/p>\n<p>De acuerdo a lo estimado por el funcionario, el proyecto tiene posibilidades de ser aprobado en el Senado durante la semana del 10 de junio y luego en Diputados, con los cambios que se aplicaron desde el oficialismo tras las negociaciones con distintos legisladores.<\/p>\n<p>En ese sentido destac\u00f3 la apertura al di\u00e1logo del oficialismo con sectores de la oposici\u00f3n: \u201cUno aprende de los errores y trata de cambiar, mejorar y comprender al otro\u201d, sostuvo en LN+.<\/p>\n<p>Respecto de la propuesta impulsada por Milei, el jefe de Gabinete expres\u00f3: \u00abEspero que la semana siguiente el recinto probablemente apruebe la ley y no haya m\u00e1s modificaciones. Despu\u00e9s tiene que volver a Diputados\u201d.<\/p>\n<p>En otro tramo de la entrevista, Francos cuestion\u00f3 el rechazo un\u00e1nime del bloque de legisladores de Uni\u00f3n por la Patria a la Ley Bases: \u201cQuieren, equivocadamente, que al Gobierno le vaya mal\u201d, lanz\u00f3.<\/p>\n<p>\u201cEl resto ha sido colaborativo. Trabajamos casi tres meses en Diputados y un mes en el Senado. Hemos mejorado el texto de la ley; en algunas cosas no estamos de acuerdo, pero es el juego de la pol\u00edtica. Mientras sean limpias, las discusiones son buenas. Siempre hay intereses contrapuestos\u201d, complet\u00f3.<\/p>\n<p>El 12 de junio es la fecha en la que el Senado podr\u00eda votar la ley Bases y el paquete de alivio fiscal del Gobierno. Cabe recordar que para la aprobaci\u00f3n de los dict\u00e1menes, la Ley Bases tuvo 21 firmas, 10 de ellas en disidencia. En tanto, en el paquete fiscal, se registraron 9 r\u00fabricas, de las cuales 7 fueron en disidencia.<\/p>\n","protected":false},"excerpt":{"rendered":"<p>El jefe de Gabinete, Guillermo Francos, vaticin\u00f3 que la Ley Bases impulsada por el Gobierno de Javier Milei \u00abva a<\/p>\n","protected":false},"author":1,"featured_media":15410,"comment_status":"closed","ping_status":"closed","sticky":false,"template":"","format":"standard","meta":{"footnotes":"","jetpack_publicize_message":"","jetpack_publicize_feature_enabled":true,"jetpack_social_post_already_shared":true,"jetpack_social_options":{"image_generator_settings":{"template":"highway","enabled":false},"version":2}},"categories":[12],"tags":[],"class_list":["post-15409","post","type-post","status-publish","format-standard","has-post-thumbnail","hentry","category-politica"],"jetpack_publicize_connections":[],"_links":{"self":[{"href":"https:\/\/diariorepublica.com.ar\/web\/index.php\/wp-json\/wp\/v2\/posts\/15409"}],"collection":[{"href":"https:\/\/diariorepublica.com.ar\/web\/index.php\/wp-json\/wp\/v2\/posts"}],"about":[{"href":"https:\/\/diariorepublica.com.ar\/web\/index.php\/wp-json\/wp\/v2\/types\/post"}],"author":[{"embeddable":true,"href":"https:\/\/diariorepublica.com.ar\/web\/index.php\/wp-json\/wp\/v2\/users\/1"}],"replies":[{"embeddable":true,"href":"https:\/\/diariorepublica.com.ar\/web\/index.php\/wp-json\/wp\/v2\/comments?post=15409"}],"version-history":[{"count":1,"href":"https:\/\/diariorepublica.com.ar\/web\/index.php\/wp-json\/wp\/v2\/posts\/15409\/revisions"}],"predecessor-version":[{"id":15411,"href":"https:\/\/diariorepublica.com.ar\/web\/index.php\/wp-json\/wp\/v2\/posts\/15409\/revisions\/15411"}],"wp:featuredmedia":[{"embeddable":true,"href":"https:\/\/diariorepublica.com.ar\/web\/index.php\/wp-json\/wp\/v2\/media\/15410"}],"wp:attachment":[{"href":"https:\/\/diariorepublica.com.ar\/web\/index.php\/wp-json\/wp\/v2\/media?parent=15409"}],"wp:term":[{"taxonomy":"category","embeddable":true,"href":"https:\/\/diariorepublica.com.ar\/web\/index.php\/wp-json\/wp\/v2\/categories?post=15409"},{"taxonomy":"post_tag","embeddable":true,"href":"https:\/\/diariorepublica.com.ar\/web\/index.php\/wp-json\/wp\/v2\/tags?post=15409"}],"curies":[{"name":"wp","href":"https:\/\/api.w.org\/{rel}","templated":true}]}}