{"id":15418,"date":"2024-06-03T07:59:51","date_gmt":"2024-06-03T10:59:51","guid":{"rendered":"https:\/\/diariorepublica.com.ar\/web\/?p=15418"},"modified":"2024-06-03T07:59:53","modified_gmt":"2024-06-03T10:59:53","slug":"el-gobierno-anuncio-un-nuevo-sistema-de-contratos-contingentes-tras-el-escandalo-en-capital-humano","status":"publish","type":"post","link":"https:\/\/diariorepublica.com.ar\/web\/index.php\/nacionales\/2024\/06\/03\/el-gobierno-anuncio-un-nuevo-sistema-de-contratos-contingentes-tras-el-escandalo-en-capital-humano\/","title":{"rendered":"El Gobierno anunci\u00f3 un nuevo sistema de contratos contingentes, tras el esc\u00e1ndalo en Capital Humano"},"content":{"rendered":"<p>El asesor presidencial Federico Sturzenegger revel\u00f3 que el presidente Javier Milei le encarg\u00f3 el dise\u00f1o de un nuevo sistema para la compra de alimentos en reemplazo del acopio previo por seguros, seg\u00fan especific\u00f3 en su cuenta de la Red Social X, antigua Twitter, este domingo por la tarde.<\/p>\n<p>El anuncio de Sturzenegger se da d\u00edas despu\u00e9s del esc\u00e1ndalo de los alimentos con vencimiento pr\u00f3ximo y que fueron distribuidos por el Ministerio de Capital Humano, que lidera Sandra Pettovello.<\/p>\n<p>Seg\u00fan detall\u00f3, en el nuevo sistema \u201cno se compran los bienes, sino que compra una &#8216;opci\u00f3n de compra&#8217; de esos bienes\u201d y realiz\u00f3 una comparaci\u00f3n con el sistema financiero: \u00abEn jerga financiera es un call\u00bb.<\/p>\n<p>En esa l\u00ednea, explic\u00f3: \u201cEs una idea muy sencilla: el Gobierno compra un seguro de entrega inmediata en la emergencia. El sector privado usa toda su log\u00edstica y capacidad de almacenamiento para proveer este stock\u201d<\/p>\n<p>\u00abY como ese stock rota, los productos estar\u00e1n siempre disponibles sin que el Estado tenga que tener inventarios o tener un solo dep\u00f3sito\u00bb, continu\u00f3 Sturzenegger, que suena para ocupar un cargo oficial dentro del Gabinete de Milei.<\/p>\n<p>El conflicto por la mercader\u00eda gener\u00f3 gran revuelo en el Gobierno y termin\u00f3 con Pablo de la Torre fuera del Ejecutivo. Hasta el jueves fue el secretario de Ni\u00f1ez y Familia, bajo el ala del s\u00faper ministerio que conduce Pettovello.<\/p>\n","protected":false},"excerpt":{"rendered":"<p>El asesor presidencial Federico Sturzenegger revel\u00f3 que el presidente Javier Milei le encarg\u00f3 el dise\u00f1o de un nuevo sistema para<\/p>\n","protected":false},"author":1,"featured_media":15419,"comment_status":"closed","ping_status":"closed","sticky":false,"template":"","format":"standard","meta":{"footnotes":"","jetpack_publicize_message":"","jetpack_publicize_feature_enabled":true,"jetpack_social_post_already_shared":true,"jetpack_social_options":{"image_generator_settings":{"template":"highway","enabled":false},"version":2}},"categories":[4],"tags":[],"class_list":["post-15418","post","type-post","status-publish","format-standard","has-post-thumbnail","hentry","category-nacionales"],"jetpack_publicize_connections":[],"_links":{"self":[{"href":"https:\/\/diariorepublica.com.ar\/web\/index.php\/wp-json\/wp\/v2\/posts\/15418"}],"collection":[{"href":"https:\/\/diariorepublica.com.ar\/web\/index.php\/wp-json\/wp\/v2\/posts"}],"about":[{"href":"https:\/\/diariorepublica.com.ar\/web\/index.php\/wp-json\/wp\/v2\/types\/post"}],"author":[{"embeddable":true,"href":"https:\/\/diariorepublica.com.ar\/web\/index.php\/wp-json\/wp\/v2\/users\/1"}],"replies":[{"embeddable":true,"href":"https:\/\/diariorepublica.com.ar\/web\/index.php\/wp-json\/wp\/v2\/comments?post=15418"}],"version-history":[{"count":1,"href":"https:\/\/diariorepublica.com.ar\/web\/index.php\/wp-json\/wp\/v2\/posts\/15418\/revisions"}],"predecessor-version":[{"id":15420,"href":"https:\/\/diariorepublica.com.ar\/web\/index.php\/wp-json\/wp\/v2\/posts\/15418\/revisions\/15420"}],"wp:featuredmedia":[{"embeddable":true,"href":"https:\/\/diariorepublica.com.ar\/web\/index.php\/wp-json\/wp\/v2\/media\/15419"}],"wp:attachment":[{"href":"https:\/\/diariorepublica.com.ar\/web\/index.php\/wp-json\/wp\/v2\/media?parent=15418"}],"wp:term":[{"taxonomy":"category","embeddable":true,"href":"https:\/\/diariorepublica.com.ar\/web\/index.php\/wp-json\/wp\/v2\/categories?post=15418"},{"taxonomy":"post_tag","embeddable":true,"href":"https:\/\/diariorepublica.com.ar\/web\/index.php\/wp-json\/wp\/v2\/tags?post=15418"}],"curies":[{"name":"wp","href":"https:\/\/api.w.org\/{rel}","templated":true}]}}