{"id":15462,"date":"2024-06-04T10:15:33","date_gmt":"2024-06-04T13:15:33","guid":{"rendered":"https:\/\/diariorepublica.com.ar\/web\/?p=15462"},"modified":"2024-06-04T10:15:35","modified_gmt":"2024-06-04T13:15:35","slug":"colegios-privados-volvieron-a-aumentar-la-cuota","status":"publish","type":"post","link":"https:\/\/diariorepublica.com.ar\/web\/index.php\/sociedad\/2024\/06\/04\/colegios-privados-volvieron-a-aumentar-la-cuota\/","title":{"rendered":"<strong>Colegios privados volvieron a aumentar la cuota<\/strong>"},"content":{"rendered":"<p>Hace unas horas se dio a conocer una nueva actualizaci\u00f3n del arancel mensual de los Colegios Privados, en virtud de la Resoluci\u00f3n N\u00ba 343 del Ministerio de Educaci\u00f3n, la cual autoriza a los establecimientos educativos de gesti\u00f3n privada, social y cooperativa con aportes el Estado, a actualizar el arancel respecto de la cuota mensual vigente.<\/p>\n<p>Esta resoluci\u00f3n habilita un incremento aproximado del 20% a partir del mes de junio. Es as\u00ed que, por ejemplo, el valor de la cuota del Colegio FASTA ser\u00e1 de $20.200 y el Instituto Belgrano de $29.000.<\/p>\n<p>Manuel Luna, representante legal del colegio FASTA, respecto del aumento de las cuotas, hab\u00eda manifestado que era una actualizaci\u00f3n necesaria para su subsistencia, ya que significaba atender los resultados del proceso inflacionario de cuatro o cinco a\u00f1os en donde los aranceles no se hab\u00edan actualizado conforme al incremento de los sueldos. \u201cEsto ha generado un desfasaje muy grande que impacta en el desfinanciamiento de los colegios\u201d<\/p>\n","protected":false},"excerpt":{"rendered":"<p>Hace unas horas se dio a conocer una nueva actualizaci\u00f3n del arancel mensual de los Colegios Privados, en virtud de<\/p>\n","protected":false},"author":2,"featured_media":15463,"comment_status":"closed","ping_status":"closed","sticky":false,"template":"","format":"standard","meta":{"footnotes":"","jetpack_publicize_message":"","jetpack_publicize_feature_enabled":true,"jetpack_social_post_already_shared":true,"jetpack_social_options":{"image_generator_settings":{"template":"highway","enabled":false},"version":2}},"categories":[3],"tags":[],"class_list":["post-15462","post","type-post","status-publish","format-standard","has-post-thumbnail","hentry","category-sociedad"],"jetpack_publicize_connections":[],"_links":{"self":[{"href":"https:\/\/diariorepublica.com.ar\/web\/index.php\/wp-json\/wp\/v2\/posts\/15462"}],"collection":[{"href":"https:\/\/diariorepublica.com.ar\/web\/index.php\/wp-json\/wp\/v2\/posts"}],"about":[{"href":"https:\/\/diariorepublica.com.ar\/web\/index.php\/wp-json\/wp\/v2\/types\/post"}],"author":[{"embeddable":true,"href":"https:\/\/diariorepublica.com.ar\/web\/index.php\/wp-json\/wp\/v2\/users\/2"}],"replies":[{"embeddable":true,"href":"https:\/\/diariorepublica.com.ar\/web\/index.php\/wp-json\/wp\/v2\/comments?post=15462"}],"version-history":[{"count":1,"href":"https:\/\/diariorepublica.com.ar\/web\/index.php\/wp-json\/wp\/v2\/posts\/15462\/revisions"}],"predecessor-version":[{"id":15464,"href":"https:\/\/diariorepublica.com.ar\/web\/index.php\/wp-json\/wp\/v2\/posts\/15462\/revisions\/15464"}],"wp:featuredmedia":[{"embeddable":true,"href":"https:\/\/diariorepublica.com.ar\/web\/index.php\/wp-json\/wp\/v2\/media\/15463"}],"wp:attachment":[{"href":"https:\/\/diariorepublica.com.ar\/web\/index.php\/wp-json\/wp\/v2\/media?parent=15462"}],"wp:term":[{"taxonomy":"category","embeddable":true,"href":"https:\/\/diariorepublica.com.ar\/web\/index.php\/wp-json\/wp\/v2\/categories?post=15462"},{"taxonomy":"post_tag","embeddable":true,"href":"https:\/\/diariorepublica.com.ar\/web\/index.php\/wp-json\/wp\/v2\/tags?post=15462"}],"curies":[{"name":"wp","href":"https:\/\/api.w.org\/{rel}","templated":true}]}}