{"id":15483,"date":"2024-06-05T07:51:27","date_gmt":"2024-06-05T10:51:27","guid":{"rendered":"https:\/\/diariorepublica.com.ar\/web\/?p=15483"},"modified":"2024-06-05T07:51:29","modified_gmt":"2024-06-05T10:51:29","slug":"diputados-se-aumentaron-la-dieta-en-un-80","status":"publish","type":"post","link":"https:\/\/diariorepublica.com.ar\/web\/index.php\/politica\/2024\/06\/05\/diputados-se-aumentaron-la-dieta-en-un-80\/","title":{"rendered":"Diputados se aumentaron la dieta en un 80%"},"content":{"rendered":"<article id=\"article-post\" class=\"first\">\n<div class=\"cuerpo\" data-twitter-link=\"https:\/\/twitter.com\/intent\/tweet?url=https:\/\/www.diariopopular.com.ar\/c789791&amp;via=poopulardiario&amp;related=Popular&amp;text=\">\n<p><strong>Mart\u00edn Menem, presidente de la C\u00e1mara de Diputados, resolvi\u00f3 este martes otorgar\u00a0un aumento del 80% en la C\u00e1mara baja<\/strong>\u00a0que entrar\u00e1 en vigencia el pr\u00f3ximo mes y\u00a0<strong>se pagar\u00e1 en tres cuotas<\/strong>. Con esta suba, y teniendo en cuenta que actualmente la\u00a0<strong>dieta promedio es de 1,2 mill\u00f3n de pesos<\/strong>, los 257 legisladores nacionales pasar\u00e1n a tener, una vez que se complete el incremento, un\u00a0<strong>ingreso de 2,2 millones de pesos<\/strong>.<\/p>\n<\/div>\n<\/article>\n<article id=\"article-post\">\n<div class=\"cuerpo\" data-twitter-link=\"https:\/\/twitter.com\/intent\/tweet?url=https:\/\/www.diariopopular.com.ar\/c789791&amp;via=poopulardiario&amp;related=Popular&amp;text=\">\n<p>Por distintas razones,<strong>\u00a0el anuncio ya gener\u00f3 reacciones negativas tanto desde el Ejecutivo nacionales como desde el lado de los propios beneficiarios<\/strong>. Por un lado, fuentes oficiales citadas por Infobae aseguraron que la\u00a0<strong>Casa Rosada se opuso desde el vamos a la decisi\u00f3n adoptada en Diputados<\/strong>\u00a0y detallaron que incluso ya hab\u00edan rechazado la posibilidad de un aumento cuando se hab\u00edan empezado a gestar las negociaciones.<\/p>\n<p>En tanto, del lado de los legisladores,\u00a0<strong>desde casi todos los bloques ya manifestaron su disconformidad<\/strong>\u00a0y exigen\u00a0<strong>ingresos similares a los que tienen los senadores nacionales que est\u00e1n en 8 millones de pesos bruto<\/strong>. \u201cNosotros tambi\u00e9n tenemos que viajar y pagar hoteles. Todo el tiempo tenemos que cambiar los miembros de las comisiones porque los diputados no pueden venir.\u00a0<strong>El 80% de los miembros de la C\u00e1mara viven de su dieta y no les alcanza<\/strong>. El desarraigo que est\u00e1 en 300.000 pesos alcanzaba durante 2023 para pagar un hotel, hoy no se cubre una semana. Si tengo que llamar a una comisi\u00f3n informativa, no viaja nadie\u201d, confi\u00f3 un diputado cuyo nombre no trascendi\u00f3 al mismo medio.<\/p>\n<p>Ante este panorama, no result\u00f3 extra\u00f1o que\u00a0<strong>la resoluci\u00f3n llevara solamente la firma de Menem<\/strong>, pese a que el titular de la C\u00e1mara baja hab\u00eda mantenido conversaciones con los l\u00edderes de distintas fuerzas pol\u00edticas sobre este tema.\u00a0<strong>Uno de los nombres que se neg\u00f3 a avalar el aumento fue el jefe del bloque de La Libertad Avanza, Gabriel Bornoroni<\/strong>. Camino que\u00a0<strong>tambi\u00e9n transitaron los referentes de la oposici\u00f3n<\/strong>\u00a0pero, en este caso, por no querer cargar con el costo pol\u00edtico de un aumento que puede resultar impopular en la opini\u00f3n p\u00fablica.<\/p>\n<p class=\"\" data-mrf-recirculation=\"Links inline\">El enojo de los diputados tambi\u00e9n tiene que ver con que\u00a0<strong>el presupuesto del Congreso de la Naci\u00f3n es \u00fanico, por lo que entienden que los senadores se est\u00e1n llevando buena parte de los fondos que tienen en el Palacio Legislativo<\/strong>. Y le reclaman al riojano que defienda el accionar de los legisladores y sus salarios en la discusi\u00f3n p\u00fablica, como ya hizo su par en el Senado, Victoria Villarruel.<\/p>\n<\/div>\n<\/article>\n","protected":false},"excerpt":{"rendered":"<p>Mart\u00edn Menem, presidente de la C\u00e1mara de Diputados, resolvi\u00f3 este martes otorgar\u00a0un aumento del 80% en la C\u00e1mara baja\u00a0que entrar\u00e1<\/p>\n","protected":false},"author":1,"featured_media":15484,"comment_status":"closed","ping_status":"closed","sticky":false,"template":"","format":"standard","meta":{"footnotes":"","jetpack_publicize_message":"","jetpack_publicize_feature_enabled":true,"jetpack_social_post_already_shared":true,"jetpack_social_options":{"image_generator_settings":{"template":"highway","enabled":false},"version":2}},"categories":[12],"tags":[],"class_list":["post-15483","post","type-post","status-publish","format-standard","has-post-thumbnail","hentry","category-politica"],"jetpack_publicize_connections":[],"_links":{"self":[{"href":"https:\/\/diariorepublica.com.ar\/web\/index.php\/wp-json\/wp\/v2\/posts\/15483"}],"collection":[{"href":"https:\/\/diariorepublica.com.ar\/web\/index.php\/wp-json\/wp\/v2\/posts"}],"about":[{"href":"https:\/\/diariorepublica.com.ar\/web\/index.php\/wp-json\/wp\/v2\/types\/post"}],"author":[{"embeddable":true,"href":"https:\/\/diariorepublica.com.ar\/web\/index.php\/wp-json\/wp\/v2\/users\/1"}],"replies":[{"embeddable":true,"href":"https:\/\/diariorepublica.com.ar\/web\/index.php\/wp-json\/wp\/v2\/comments?post=15483"}],"version-history":[{"count":1,"href":"https:\/\/diariorepublica.com.ar\/web\/index.php\/wp-json\/wp\/v2\/posts\/15483\/revisions"}],"predecessor-version":[{"id":15485,"href":"https:\/\/diariorepublica.com.ar\/web\/index.php\/wp-json\/wp\/v2\/posts\/15483\/revisions\/15485"}],"wp:featuredmedia":[{"embeddable":true,"href":"https:\/\/diariorepublica.com.ar\/web\/index.php\/wp-json\/wp\/v2\/media\/15484"}],"wp:attachment":[{"href":"https:\/\/diariorepublica.com.ar\/web\/index.php\/wp-json\/wp\/v2\/media?parent=15483"}],"wp:term":[{"taxonomy":"category","embeddable":true,"href":"https:\/\/diariorepublica.com.ar\/web\/index.php\/wp-json\/wp\/v2\/categories?post=15483"},{"taxonomy":"post_tag","embeddable":true,"href":"https:\/\/diariorepublica.com.ar\/web\/index.php\/wp-json\/wp\/v2\/tags?post=15483"}],"curies":[{"name":"wp","href":"https:\/\/api.w.org\/{rel}","templated":true}]}}