{"id":15495,"date":"2024-06-05T10:09:56","date_gmt":"2024-06-05T13:09:56","guid":{"rendered":"https:\/\/diariorepublica.com.ar\/web\/?p=15495"},"modified":"2024-06-05T10:09:59","modified_gmt":"2024-06-05T13:09:59","slug":"catamarca-presente-en-la-feria-exponor-de-chile","status":"publish","type":"post","link":"https:\/\/diariorepublica.com.ar\/web\/index.php\/politica\/2024\/06\/05\/catamarca-presente-en-la-feria-exponor-de-chile\/","title":{"rendered":"Catamarca presente en la Feria Exponor de Chile"},"content":{"rendered":"<p>Nuestra provincia participa de la Feria Exponor en Antofagasta Chile, una de las ferias mineras m\u00e1s importantes del vecino pa\u00eds, en la cual se congregan las empresas mineras y de servicios m\u00e1s importantes del sector.<\/p>\n<p>En le marco de la inauguraci\u00f3n de la feria, la ministra de Mineria de Chile, Aurora Willian, fue recibida en el pabell\u00f3n de la Miner\u00eda Argentina por el ministro de Miner\u00eda de Catamarca, Marcelo Murua. Tambi\u00e9n estuvo presente la presidenta de CAMYEN, Susana Peralta.<\/p>\n<p>En el acto de inauguraci\u00f3n del pabell\u00f3n argentino dieron su mensaje Ana Carolina Massuh y el ministro Marcelo Murua.<\/p>\n<p>En el espacio Argentino se encuentran, adem\u00e1s de la provincia de Catamarca, empresas argentinas proveedoras de servicios para el sector que trabajan en una sinergia p\u00fablico-privada muy din\u00e1mica.<\/p>\n<p>La comitiva catamarque\u00f1a se compone por t\u00e9cnicos y funcionarios del Ministerio de Miner\u00eda y personal t\u00e9cnico de la empresa estatal CAMYEN, que cuentan con espacio propio en el Sal\u00f3n Molibdeno de la feria.<\/p>\n","protected":false},"excerpt":{"rendered":"<p>Nuestra provincia participa de la Feria Exponor en Antofagasta Chile, una de las ferias mineras m\u00e1s importantes del vecino pa\u00eds,<\/p>\n","protected":false},"author":2,"featured_media":15496,"comment_status":"closed","ping_status":"closed","sticky":false,"template":"","format":"standard","meta":{"footnotes":"","jetpack_publicize_message":"","jetpack_publicize_feature_enabled":true,"jetpack_social_post_already_shared":true,"jetpack_social_options":{"image_generator_settings":{"template":"highway","enabled":false},"version":2}},"categories":[12],"tags":[],"class_list":["post-15495","post","type-post","status-publish","format-standard","has-post-thumbnail","hentry","category-politica"],"jetpack_publicize_connections":[],"_links":{"self":[{"href":"https:\/\/diariorepublica.com.ar\/web\/index.php\/wp-json\/wp\/v2\/posts\/15495"}],"collection":[{"href":"https:\/\/diariorepublica.com.ar\/web\/index.php\/wp-json\/wp\/v2\/posts"}],"about":[{"href":"https:\/\/diariorepublica.com.ar\/web\/index.php\/wp-json\/wp\/v2\/types\/post"}],"author":[{"embeddable":true,"href":"https:\/\/diariorepublica.com.ar\/web\/index.php\/wp-json\/wp\/v2\/users\/2"}],"replies":[{"embeddable":true,"href":"https:\/\/diariorepublica.com.ar\/web\/index.php\/wp-json\/wp\/v2\/comments?post=15495"}],"version-history":[{"count":1,"href":"https:\/\/diariorepublica.com.ar\/web\/index.php\/wp-json\/wp\/v2\/posts\/15495\/revisions"}],"predecessor-version":[{"id":15497,"href":"https:\/\/diariorepublica.com.ar\/web\/index.php\/wp-json\/wp\/v2\/posts\/15495\/revisions\/15497"}],"wp:featuredmedia":[{"embeddable":true,"href":"https:\/\/diariorepublica.com.ar\/web\/index.php\/wp-json\/wp\/v2\/media\/15496"}],"wp:attachment":[{"href":"https:\/\/diariorepublica.com.ar\/web\/index.php\/wp-json\/wp\/v2\/media?parent=15495"}],"wp:term":[{"taxonomy":"category","embeddable":true,"href":"https:\/\/diariorepublica.com.ar\/web\/index.php\/wp-json\/wp\/v2\/categories?post=15495"},{"taxonomy":"post_tag","embeddable":true,"href":"https:\/\/diariorepublica.com.ar\/web\/index.php\/wp-json\/wp\/v2\/tags?post=15495"}],"curies":[{"name":"wp","href":"https:\/\/api.w.org\/{rel}","templated":true}]}}