{"id":15498,"date":"2024-06-05T10:18:13","date_gmt":"2024-06-05T13:18:13","guid":{"rendered":"https:\/\/diariorepublica.com.ar\/web\/?p=15498"},"modified":"2024-06-05T10:18:15","modified_gmt":"2024-06-05T13:18:15","slug":"el-gobierno-de-la-provincia-avanza-en-la-realizacion-de-obras-con-reinversion-de-fondos-mineros","status":"publish","type":"post","link":"https:\/\/diariorepublica.com.ar\/web\/index.php\/politica\/2024\/06\/05\/el-gobierno-de-la-provincia-avanza-en-la-realizacion-de-obras-con-reinversion-de-fondos-mineros\/","title":{"rendered":"El Gobierno de la provincia avanza en la realizaci\u00f3n de obras con reinversi\u00f3n de fondos mineros"},"content":{"rendered":"<p>El Gobierno de la provincia avanza en la construcci\u00f3n del azud nivelador y acueducto en la localidad de Punta del Agua, jurisdicci\u00f3n de Fiambal\u00e1. Las obras, las cuales han alcanzado un significativo avance, se prev\u00e9 que est\u00e9n concluidas en aproximadamente 60 d\u00edas.<\/p>\n<p>Durante la pr\u00f3xima semana, el Gobernador junto a parte de su gabinete realizar\u00e1n una visita al departamento de Tinogasta para supervisar los trabajos finales del proyecto h\u00eddrico de gran envergadura para la regi\u00f3n.<\/p>\n<p>El proyecto contempla la construcci\u00f3n de un azud nivelador de hormig\u00f3n con una longitud de cierre de 110 metros y un vertedero de 35 metros.<\/p>\n<p>Esto permitir\u00e1 la realizaci\u00f3n de dos obras de toma para la captaci\u00f3n de agua superficial y sub\u00e1lveo. Adem\u00e1s, incluir\u00e1 desarenadores y un acueducto para conectar el azud con la zona productiva. El prop\u00f3sito es mejorar la gesti\u00f3n de los recursos h\u00eddricos y potenciar el desarrollo agr\u00edcola mediante un sistema de riego adecuado.<\/p>\n<p>Esta iniciativa, financiada con recursos provenientes de la miner\u00eda, se est\u00e1 llevando a cabo sobre el R\u00edo Aguas Negras y en una fase inicial proveer\u00e1 agua a m\u00e1s de 600 hect\u00e1reas a trav\u00e9s de tuber\u00edas. De estas, 200 hect\u00e1reas est\u00e1n destinadas a peque\u00f1os y medianos productores fiambalenses, mientras que el resto ser\u00e1 utilizado por emprendimientos y empresas vitivin\u00edcolas.<\/p>\n","protected":false},"excerpt":{"rendered":"<p>El Gobierno de la provincia avanza en la construcci\u00f3n del azud nivelador y acueducto en la localidad de Punta del<\/p>\n","protected":false},"author":2,"featured_media":15499,"comment_status":"closed","ping_status":"closed","sticky":false,"template":"","format":"standard","meta":{"footnotes":"","jetpack_publicize_message":"","jetpack_publicize_feature_enabled":true,"jetpack_social_post_already_shared":true,"jetpack_social_options":{"image_generator_settings":{"template":"highway","enabled":false},"version":2}},"categories":[12],"tags":[],"class_list":["post-15498","post","type-post","status-publish","format-standard","has-post-thumbnail","hentry","category-politica"],"jetpack_publicize_connections":[],"_links":{"self":[{"href":"https:\/\/diariorepublica.com.ar\/web\/index.php\/wp-json\/wp\/v2\/posts\/15498"}],"collection":[{"href":"https:\/\/diariorepublica.com.ar\/web\/index.php\/wp-json\/wp\/v2\/posts"}],"about":[{"href":"https:\/\/diariorepublica.com.ar\/web\/index.php\/wp-json\/wp\/v2\/types\/post"}],"author":[{"embeddable":true,"href":"https:\/\/diariorepublica.com.ar\/web\/index.php\/wp-json\/wp\/v2\/users\/2"}],"replies":[{"embeddable":true,"href":"https:\/\/diariorepublica.com.ar\/web\/index.php\/wp-json\/wp\/v2\/comments?post=15498"}],"version-history":[{"count":1,"href":"https:\/\/diariorepublica.com.ar\/web\/index.php\/wp-json\/wp\/v2\/posts\/15498\/revisions"}],"predecessor-version":[{"id":15500,"href":"https:\/\/diariorepublica.com.ar\/web\/index.php\/wp-json\/wp\/v2\/posts\/15498\/revisions\/15500"}],"wp:featuredmedia":[{"embeddable":true,"href":"https:\/\/diariorepublica.com.ar\/web\/index.php\/wp-json\/wp\/v2\/media\/15499"}],"wp:attachment":[{"href":"https:\/\/diariorepublica.com.ar\/web\/index.php\/wp-json\/wp\/v2\/media?parent=15498"}],"wp:term":[{"taxonomy":"category","embeddable":true,"href":"https:\/\/diariorepublica.com.ar\/web\/index.php\/wp-json\/wp\/v2\/categories?post=15498"},{"taxonomy":"post_tag","embeddable":true,"href":"https:\/\/diariorepublica.com.ar\/web\/index.php\/wp-json\/wp\/v2\/tags?post=15498"}],"curies":[{"name":"wp","href":"https:\/\/api.w.org\/{rel}","templated":true}]}}