{"id":15501,"date":"2024-06-05T10:22:00","date_gmt":"2024-06-05T13:22:00","guid":{"rendered":"https:\/\/diariorepublica.com.ar\/web\/?p=15501"},"modified":"2024-06-05T10:22:03","modified_gmt":"2024-06-05T13:22:03","slug":"gobierno-espera-sellar-la-transferencia-de-la-paralizada-obra-publica-nacional","status":"publish","type":"post","link":"https:\/\/diariorepublica.com.ar\/web\/index.php\/politica\/2024\/06\/05\/gobierno-espera-sellar-la-transferencia-de-la-paralizada-obra-publica-nacional\/","title":{"rendered":"<strong>Gobierno espera sellar la transferencia de la paralizada obra p\u00fablica nacional<\/strong>"},"content":{"rendered":"<p>Con la posibilidad de utilizar la Ley de Emergencia Econ\u00f3mica (a\u00fan no se public\u00f3 en el Bolet\u00edn Oficial), puesto que le permite renegociar los contratos de obra, el Gobierno aguarda el llamado de la administraci\u00f3n libertaria para cambiar de manos la obra p\u00fablica nacional, cuya ejecuci\u00f3n qued\u00f3 paralizada hace varios meses. El gobernador Ra\u00fal Jalil se\u00f1al\u00f3: \u201cProbablemente firmemos un convenio con la Naci\u00f3n\u201d por el traspaso de algunas obras y mencion\u00f3 que, en este marco, la emergencia \u201cnos permite renegociar algunos convenios\u201d. Seg\u00fan afirm\u00f3, la Provincia se har\u00eda cargo de las obras que Naci\u00f3n ejecutaba en los municipios.<\/p>\n<p>Jalil rescat\u00f3: \u201cAlgunos gobernadores ya avanzaron en un acuerdo Naci\u00f3n-Provincia sobre qu\u00e9 obras va a financiar la Naci\u00f3n y cu\u00e1les va a financiar la Provincia\u201d. \u201cNosotros pensamos que en los pr\u00f3ximos d\u00edas estar\u00edamos firmando un acuerdo similar\u201d, estim\u00f3. Las palabras del jefe de Estado local estuvieron relacionadas al puntapi\u00e9 inicial que dio el lunes el jefe de Gabinete, Guillermo Francos. Ese d\u00eda, el funcionario nacional se reuni\u00f3 con los mandatarios provinciales Rogelio Frigerio (Entre R\u00edos), Leandro Zdero (Chaco) y Carlos Sadir (Jujuy), con quienes firm\u00f3 el acuerdo por el traspaso de \u201cm\u00e1s de 80 obras p\u00fablicas de la Naci\u00f3n a las provincias\u201d. En este orden de ideas, existir\u00eda un borrador con distintas obras de infraestructura que le pasar\u00e1 a las jurisdicciones para que \u00e9stas las finalicen y otras se terminar\u00e1n con fondos nacionales.<\/p>\n<p>Jalil ratific\u00f3 que la Provincia asistir\u00e1 a los municipios con fondos para el pago de los aguinaldos y desliz\u00f3 que \u201cprobablemente nos hagamos cargo de todas las obras nacionales que se firmaron con los municipios y fueron paralizadas\u201d. Al margen de ello, coment\u00f3 que estuvo reunido con el presidente de YMAD, Juan Pablo Limodio, para indicar que \u201ces probable que nos adelante utilidades en los pr\u00f3ximos d\u00edas\u201d fondos que ir\u00e1n \u201cal fideicomiso para los departamentos mineros\u201d.<\/p>\n<p>Retomando el eje, el gobernador asegur\u00f3 que la Provincia est\u00e1 \u201creactivando toda la obra p\u00fablica\u201d y sutilmente le pidi\u00f3 a las empresas constructoras \u201cque acompa\u00f1en\u201d.<\/p>\n","protected":false},"excerpt":{"rendered":"<p>Con la posibilidad de utilizar la Ley de Emergencia Econ\u00f3mica (a\u00fan no se public\u00f3 en el Bolet\u00edn Oficial), puesto que<\/p>\n","protected":false},"author":2,"featured_media":15502,"comment_status":"closed","ping_status":"closed","sticky":false,"template":"","format":"standard","meta":{"footnotes":"","jetpack_publicize_message":"","jetpack_publicize_feature_enabled":true,"jetpack_social_post_already_shared":true,"jetpack_social_options":{"image_generator_settings":{"template":"highway","enabled":false},"version":2}},"categories":[12],"tags":[],"class_list":["post-15501","post","type-post","status-publish","format-standard","has-post-thumbnail","hentry","category-politica"],"jetpack_publicize_connections":[],"_links":{"self":[{"href":"https:\/\/diariorepublica.com.ar\/web\/index.php\/wp-json\/wp\/v2\/posts\/15501"}],"collection":[{"href":"https:\/\/diariorepublica.com.ar\/web\/index.php\/wp-json\/wp\/v2\/posts"}],"about":[{"href":"https:\/\/diariorepublica.com.ar\/web\/index.php\/wp-json\/wp\/v2\/types\/post"}],"author":[{"embeddable":true,"href":"https:\/\/diariorepublica.com.ar\/web\/index.php\/wp-json\/wp\/v2\/users\/2"}],"replies":[{"embeddable":true,"href":"https:\/\/diariorepublica.com.ar\/web\/index.php\/wp-json\/wp\/v2\/comments?post=15501"}],"version-history":[{"count":1,"href":"https:\/\/diariorepublica.com.ar\/web\/index.php\/wp-json\/wp\/v2\/posts\/15501\/revisions"}],"predecessor-version":[{"id":15503,"href":"https:\/\/diariorepublica.com.ar\/web\/index.php\/wp-json\/wp\/v2\/posts\/15501\/revisions\/15503"}],"wp:featuredmedia":[{"embeddable":true,"href":"https:\/\/diariorepublica.com.ar\/web\/index.php\/wp-json\/wp\/v2\/media\/15502"}],"wp:attachment":[{"href":"https:\/\/diariorepublica.com.ar\/web\/index.php\/wp-json\/wp\/v2\/media?parent=15501"}],"wp:term":[{"taxonomy":"category","embeddable":true,"href":"https:\/\/diariorepublica.com.ar\/web\/index.php\/wp-json\/wp\/v2\/categories?post=15501"},{"taxonomy":"post_tag","embeddable":true,"href":"https:\/\/diariorepublica.com.ar\/web\/index.php\/wp-json\/wp\/v2\/tags?post=15501"}],"curies":[{"name":"wp","href":"https:\/\/api.w.org\/{rel}","templated":true}]}}