{"id":15504,"date":"2024-06-05T10:31:35","date_gmt":"2024-06-05T13:31:35","guid":{"rendered":"https:\/\/diariorepublica.com.ar\/web\/?p=15504"},"modified":"2024-06-05T10:31:38","modified_gmt":"2024-06-05T13:31:38","slug":"26-gestiones-municipales-tienen-sumarios-en-el-tc","status":"publish","type":"post","link":"https:\/\/diariorepublica.com.ar\/web\/index.php\/politica\/2024\/06\/05\/26-gestiones-municipales-tienen-sumarios-en-el-tc\/","title":{"rendered":"<strong>26 gestiones municipales tienen sumarios en el TC<\/strong>"},"content":{"rendered":"<p>El presidente del Tribunal de Cuentas Jorge Moreno dio a conocer que hay 26 administraciones municipales que tienen iniciado alg\u00fan sumario administrativo de responsabilidad por falta de rendici\u00f3n de fondos, una medida que toma el organismo frente al incumplimiento en la presentaci\u00f3n de la documentaci\u00f3n.<\/p>\n<p>El relevamiento del TC llega hasta el primer semestre de 2023 y el informe se envi\u00f3 en marzo de este a\u00f1o. Seg\u00fan el informe, los municipios morosos son 26 y son los que tienen iniciado un sumario de responsabilidad :<\/p>\n<p>Aconquija (Cristian Guti\u00e9rrez). Adeuda balances desde 2019 hasta el a\u00f1o pasado. Los balances se presentan de manera semestral. Por regal\u00edas mineras adeuda tambi\u00e9n desde 2019.<\/p>\n<p>&#8211; Antofagasta de la Sierra( gesti\u00f3n del exintendente Julio Taritolay). Adeuda balances del a\u00f1o 2022. Con respecto a la rendici\u00f3n por regal\u00edas mineras present\u00f3 por \u00faltima vez en el primer trimestre de 2019. Adeuda<\/p>\n<p>&#8211; Capay\u00e1n (Alfredo Hoffman) present\u00f3 un balance del municipio en 2016 por \u00faltima vez. Por fondos mineros adeuda desde 2018.<\/p>\n<p>-Corral Quemado( intendente Isidro G\u00f3mez). Adeuda balance del municipio y rendici\u00f3n por regal\u00edas mineras desde 2021.<\/p>\n<p>-El Alto( intendente Ariel Ojeda) La \u00faltima vez que present\u00f3 balance fue en 2017. Tambi\u00e9n debe rendiciones de regal\u00edas mineras.<\/p>\n<p>-El Rodeo (intendente Armando Seco). No presenta balances desde el segundo semestre de 2019. Adeuda presentaciones de los a\u00f1os 2019, 2021, 2022. Regal\u00edas sin presentar desde 2019 hasta 2022-<\/p>\n<p>&#8211; Hualf\u00edn (intendente Marcelo Villagr\u00e1n). Present\u00f3 balances y rendici\u00f3n por regal\u00edas mineras por \u00faltima vez en 2016. Adeuda rendici\u00f3n de fondos mineros desde 2017 a 2023.<\/p>\n<p>&#8211; Huillapima (Omar Soria). Adeuda desde el segundo semestre de 2022 y primero de 2023. Regal\u00edas mineras no presenta desde 2017 hasta el primero de 2023.<\/p>\n<p>&#8211; La Puerta (Osvaldo G\u00f3mez). El \u00faltimo balance presentado fue en el primer semestre de 2017. No present\u00f3 informes por regal\u00edas mineras en el per\u00edodo 2017-2022.<\/p>\n<p>&#8211; Las Juntas (Jorge Herrera)La \u00faltima presentaci\u00f3n fue en 2022 tanto para balance como para regal\u00edas.<\/p>\n<p>-Londres (gesti\u00f3n del exintendente Gilberto Santill\u00e1n) El \u00faltimo balance data del primer semestre de 2018. Adeuda hasta el primer semestre de 2023. Del mismo modo, la \u00faltima presentaci\u00f3n por regal\u00edas mineras fue en 2018.<\/p>\n<p>&#8211; Los Varela (exintendente Marcelo Saavedra) La \u00faltima presentanci\u00f3n fue en 2016 al igual que con regal\u00edas mineras. Adeuda documentaci\u00f3n desde hace 8 a\u00f1os.<\/p>\n<p>&#8211; Mutqu\u00edn ( intedente Carlos Luna). La \u00faltima presentaci\u00f3n fue en 2018 y en regal\u00edas mineras adeuda desde 2020.<\/p>\n<p>&#8211; Pacl\u00edn (Eduardo Menecier). La \u00faltima documentaci\u00f3n data de 2020 y por regal\u00edas mineras fue en 2018<\/p>\n<p>&#8211; Pom\u00e1n (Francisco Gordillo). Est\u00e1 en orden con respecto al balance. En cuanto a regal\u00edas realiz\u00f3 la \u00faltima presentaci\u00f3n en 2021.<\/p>\n<p>Las irregularidades en la presentaci\u00f3n de las rendiciones son similares en las municipalidades de: Pozo de Piedra, intendente Jos\u00e9 Yapura; Puerta de Corral Quemado, gesti\u00f3n del exintendente Enrique Aybar; Puerta de San Jos\u00e9, F\u00e9lix Espinosa; Recreo, Luis Polti; San Fernando, Jos\u00e9 Normando Figueroa; Santa Mar\u00eda, gesti\u00f3n del exintendente, Juan Pablo S\u00e1nchez.<\/p>\n<p>Un caso paradigm\u00e1tico, pero no sorpresivo es el del exintendente de Santa Rosa, Elpidio Guar\u00e1z cuya \u00faltima presentaci\u00f3n de balance fue en 2015 y regal\u00edas en 2014. Tambi\u00e9n est\u00e1n en mora el exintendente de Saujil, Lucas Carrazana, por regal\u00edas mineras. Y contin\u00faa con Tapso, Mario Sosa; Tinogasta, gesti\u00f3n del exintendente Sebasti\u00e1n N\u00f3blega quien present\u00f3 su \u00faltimo balance en 2020 y regal\u00edas mineras en 2019. Por \u00faltimo, menciona al municipio de Villa Vil, Ram\u00f3n Villagra.<\/p>\n<p>Todos los mencionados tienen iniciado un sumario administrativo de responsabilidad, paso previo al juicio de responsabilidad por el que deber\u00edan fijarse penalidades.<\/p>\n<p><strong>\u00a0<\/strong><\/p>\n","protected":false},"excerpt":{"rendered":"<p>El presidente del Tribunal de Cuentas Jorge Moreno dio a conocer que hay 26 administraciones municipales que tienen iniciado alg\u00fan<\/p>\n","protected":false},"author":2,"featured_media":15505,"comment_status":"closed","ping_status":"closed","sticky":false,"template":"","format":"standard","meta":{"footnotes":"","jetpack_publicize_message":"","jetpack_publicize_feature_enabled":true,"jetpack_social_post_already_shared":true,"jetpack_social_options":{"image_generator_settings":{"template":"highway","enabled":false},"version":2}},"categories":[12],"tags":[],"class_list":["post-15504","post","type-post","status-publish","format-standard","has-post-thumbnail","hentry","category-politica"],"jetpack_publicize_connections":[],"_links":{"self":[{"href":"https:\/\/diariorepublica.com.ar\/web\/index.php\/wp-json\/wp\/v2\/posts\/15504"}],"collection":[{"href":"https:\/\/diariorepublica.com.ar\/web\/index.php\/wp-json\/wp\/v2\/posts"}],"about":[{"href":"https:\/\/diariorepublica.com.ar\/web\/index.php\/wp-json\/wp\/v2\/types\/post"}],"author":[{"embeddable":true,"href":"https:\/\/diariorepublica.com.ar\/web\/index.php\/wp-json\/wp\/v2\/users\/2"}],"replies":[{"embeddable":true,"href":"https:\/\/diariorepublica.com.ar\/web\/index.php\/wp-json\/wp\/v2\/comments?post=15504"}],"version-history":[{"count":1,"href":"https:\/\/diariorepublica.com.ar\/web\/index.php\/wp-json\/wp\/v2\/posts\/15504\/revisions"}],"predecessor-version":[{"id":15506,"href":"https:\/\/diariorepublica.com.ar\/web\/index.php\/wp-json\/wp\/v2\/posts\/15504\/revisions\/15506"}],"wp:featuredmedia":[{"embeddable":true,"href":"https:\/\/diariorepublica.com.ar\/web\/index.php\/wp-json\/wp\/v2\/media\/15505"}],"wp:attachment":[{"href":"https:\/\/diariorepublica.com.ar\/web\/index.php\/wp-json\/wp\/v2\/media?parent=15504"}],"wp:term":[{"taxonomy":"category","embeddable":true,"href":"https:\/\/diariorepublica.com.ar\/web\/index.php\/wp-json\/wp\/v2\/categories?post=15504"},{"taxonomy":"post_tag","embeddable":true,"href":"https:\/\/diariorepublica.com.ar\/web\/index.php\/wp-json\/wp\/v2\/tags?post=15504"}],"curies":[{"name":"wp","href":"https:\/\/api.w.org\/{rel}","templated":true}]}}