{"id":15508,"date":"2024-06-04T13:49:00","date_gmt":"2024-06-04T16:49:00","guid":{"rendered":"https:\/\/diariorepublica.com.ar\/web\/?p=15508"},"modified":"2024-06-05T10:50:15","modified_gmt":"2024-06-05T13:50:15","slug":"la-vicegobernacion-activa-llegara-al-barrio-de-la-chacarita","status":"publish","type":"post","link":"https:\/\/diariorepublica.com.ar\/web\/index.php\/locales\/2024\/06\/04\/la-vicegobernacion-activa-llegara-al-barrio-de-la-chacarita\/","title":{"rendered":"La \u201cVicegobernaci\u00f3n Activa\u201d llegar\u00e1 al barrio de La Chacarita"},"content":{"rendered":"<p>El equipo de Vicegobernaci\u00f3n que conduce Rub\u00e9n Dusso se har\u00e1 presente este martes 4 de junio a partir de las 16 hs en el centro vecinal Visi\u00f3n Futura del barrio La Chacarita, con su programa \u201cVicegobernaci\u00f3n Activa\u201d, acompa\u00f1ando tambi\u00e9n a la iniciativa \u201cTorneo de Penales Joven\u201d, que lleva adelante la Municipalidad de la Capital.<\/p>\n<p>En este marco desde \u201cVicegobernaci\u00f3n Activa\u201d, ofrecer\u00e1 a las vecinas y vecinos los servicios del Estudio de Grabaci\u00f3n, de la Biblioteca, del \u00e1rea de Capacitaciones que conduce Dahiana Olmos, el taller de RCP (primeros auxilios) que brinda el Dr. Fernando Cisterna, as\u00ed como la asesor\u00eda legal gratuita de la mano del letrado Emmanuel Olmos.<\/p>\n<p>El torneo de penales por su parte re\u00fane a j\u00f3venes vecinas y vecinos junto a sus familias bajo un clima de sana competencia para vivenciar una jornada donde la camarader\u00eda y la inclusi\u00f3n son los valores fundamentales que se busca compartir y transmitir.<\/p>\n<p>Formar\u00e1 parte de la visita tambi\u00e9n el programa \u201cDesarrollo + Cerca\u201d, que lleva adelante el Ministerio de Desarrollo Social de la Provincia, con servicios a la comunidad como vacunaci\u00f3n, operativo de documentaci\u00f3n, carro saludable, L\u00ednea 102, consulta m\u00e9dica, A.G.A.P, Tr\u00e1mite SUBE y control de NNyA y Adultos mayores.<\/p>\n<p>Estos se desenvuelven semana a semana de forma itinerante por la ciudad y la provincia llegando as\u00ed a diferentes barrios y puntos de encuentro para ofrecer sus servicios y sus experiencias de manera abierta y gratuita.<\/p>\n","protected":false},"excerpt":{"rendered":"<p>El equipo de Vicegobernaci\u00f3n que conduce Rub\u00e9n Dusso se har\u00e1 presente este martes 4 de junio a partir de las<\/p>\n","protected":false},"author":1,"featured_media":15509,"comment_status":"closed","ping_status":"closed","sticky":false,"template":"","format":"standard","meta":{"footnotes":"","jetpack_publicize_message":"","jetpack_publicize_feature_enabled":true,"jetpack_social_post_already_shared":true,"jetpack_social_options":{"image_generator_settings":{"template":"highway","enabled":false},"version":2}},"categories":[2],"tags":[],"class_list":["post-15508","post","type-post","status-publish","format-standard","has-post-thumbnail","hentry","category-locales"],"jetpack_publicize_connections":[],"_links":{"self":[{"href":"https:\/\/diariorepublica.com.ar\/web\/index.php\/wp-json\/wp\/v2\/posts\/15508"}],"collection":[{"href":"https:\/\/diariorepublica.com.ar\/web\/index.php\/wp-json\/wp\/v2\/posts"}],"about":[{"href":"https:\/\/diariorepublica.com.ar\/web\/index.php\/wp-json\/wp\/v2\/types\/post"}],"author":[{"embeddable":true,"href":"https:\/\/diariorepublica.com.ar\/web\/index.php\/wp-json\/wp\/v2\/users\/1"}],"replies":[{"embeddable":true,"href":"https:\/\/diariorepublica.com.ar\/web\/index.php\/wp-json\/wp\/v2\/comments?post=15508"}],"version-history":[{"count":1,"href":"https:\/\/diariorepublica.com.ar\/web\/index.php\/wp-json\/wp\/v2\/posts\/15508\/revisions"}],"predecessor-version":[{"id":15510,"href":"https:\/\/diariorepublica.com.ar\/web\/index.php\/wp-json\/wp\/v2\/posts\/15508\/revisions\/15510"}],"wp:featuredmedia":[{"embeddable":true,"href":"https:\/\/diariorepublica.com.ar\/web\/index.php\/wp-json\/wp\/v2\/media\/15509"}],"wp:attachment":[{"href":"https:\/\/diariorepublica.com.ar\/web\/index.php\/wp-json\/wp\/v2\/media?parent=15508"}],"wp:term":[{"taxonomy":"category","embeddable":true,"href":"https:\/\/diariorepublica.com.ar\/web\/index.php\/wp-json\/wp\/v2\/categories?post=15508"},{"taxonomy":"post_tag","embeddable":true,"href":"https:\/\/diariorepublica.com.ar\/web\/index.php\/wp-json\/wp\/v2\/tags?post=15508"}],"curies":[{"name":"wp","href":"https:\/\/api.w.org\/{rel}","templated":true}]}}