{"id":15554,"date":"2024-06-07T08:28:56","date_gmt":"2024-06-07T11:28:56","guid":{"rendered":"https:\/\/diariorepublica.com.ar\/web\/?p=15554"},"modified":"2024-06-07T08:28:59","modified_gmt":"2024-06-07T11:28:59","slug":"las-criticas-y-los-reclamos-tienen-que-partir-del-conocimiento-profundo-de-las-situaciones","status":"publish","type":"post","link":"https:\/\/diariorepublica.com.ar\/web\/index.php\/politica\/2024\/06\/07\/las-criticas-y-los-reclamos-tienen-que-partir-del-conocimiento-profundo-de-las-situaciones\/","title":{"rendered":"<strong>\u201cLas cr\u00edticas y los reclamos tienen que partir del conocimiento profundo de las situaciones\u201d<\/strong>"},"content":{"rendered":"<p>La presidenta de la Corte de Justicia, Fernanda Rosales Andreotti, habl\u00f3 con FM REPUBLICA 103.1 y se refiri\u00f3 a las criticas realizadas po el presidente del Colegio de Abogados, Exequiel Moreno, quien hab\u00eda tenidos duras cr\u00edticas por el funcionamiento del Poder Judicial y habl\u00f3 de la existencia de una \u201ccasta judicial\u201d, lo que no cay\u00f3 bien en los tribunales locales<\/p>\n<p>La presidenta de la Corte defendi\u00f3 el trabajo del Poder Judicial, admiti\u00f3 que puede haber inconvenientes, pero se\u00f1al\u00f3 que hay canales institucionales habilitados para plantear cuando existe alg\u00fan problema en el funcionamiento.<\/p>\n<p>\u00abCreo que las cr\u00edticas y los reclamos tienen que partir del conocimiento profundo de las situaciones y de un di\u00e1logo que tiene que ser sincero, franco, abierto y en el que tambi\u00e9n, adem\u00e1s de quejarnos, tenemos que proponer\u00bb, lanz\u00f3. \u00abNosotros no pensamos que el Poder Judicial funciona maravillosamente. Nosotros somos conscientes de que hay muchas cuestiones por resolver y que hay muchas cuestiones a las que estamos abocados para resolver, as\u00ed que receptamos con el mayor de los agrados todas las soluciones que nos propongan. Nos gustar\u00eda as\u00ed tambi\u00e9n que el Colegio de Abogados, la Asociaci\u00f3n de Magistrados, todos juntos podamos trabajar en conjunto y aportar cuando vamos a discutir el presupuesto para el Poder Judicial, que muestren la misma preocupaci\u00f3n cuando vamos a defender la independencia de Poder Judicial.<\/p>\n<p>Por otra parte, remarc\u00f3 que tanto el Colegio de Abogados, la Asociaci\u00f3n de Magistrados y el Poder Ejecutivo son representantes que conforman la Comisi\u00f3n Evaluadora y tienen responsabilidad en la selecci\u00f3n de muchos funcionarios judiciales que fueron concursados.<\/p>\n<p>Rosales fue contundente al defender al Poder Judicial y negar el calificativo de \u00abcasta\u00bb que se populariz\u00f3 con el presidente Javier Milei para referirse a la dirigencia pol\u00edtica. \u00abQuiero reconocer a nuestros funcionarias y funcionarios y especialmente a los trabajadores judiciales que realmente ponen el cuerpo y el alma y no merecen ser tratados de esa manera. Tal vez nosotros, quienes estamos en funciones m\u00e1s altas y tenemos la responsabilidad de mirar estas cuestiones, podamos ser cuestionados, debemos ser cuestionados, receptamos la cr\u00edtica y tratamos de transformarla en acciones concretas que mejoren el Poder Judicial, pero s\u00ed decir que nuestros trabajadores y trabajadoras, nuestros funcionarias y funcionarios no son castas, son esos trabajadores y trabajadores que tienen un compromiso muy fuerte con el Poder Judicial\u00bb.<\/p>\n","protected":false},"excerpt":{"rendered":"<p>La presidenta de la Corte de Justicia, Fernanda Rosales Andreotti, habl\u00f3 con FM REPUBLICA 103.1 y se refiri\u00f3 a las<\/p>\n","protected":false},"author":2,"featured_media":15555,"comment_status":"closed","ping_status":"closed","sticky":false,"template":"","format":"standard","meta":{"footnotes":"","jetpack_publicize_message":"","jetpack_publicize_feature_enabled":true,"jetpack_social_post_already_shared":true,"jetpack_social_options":{"image_generator_settings":{"template":"highway","enabled":false},"version":2}},"categories":[12],"tags":[],"class_list":["post-15554","post","type-post","status-publish","format-standard","has-post-thumbnail","hentry","category-politica"],"jetpack_publicize_connections":[],"_links":{"self":[{"href":"https:\/\/diariorepublica.com.ar\/web\/index.php\/wp-json\/wp\/v2\/posts\/15554"}],"collection":[{"href":"https:\/\/diariorepublica.com.ar\/web\/index.php\/wp-json\/wp\/v2\/posts"}],"about":[{"href":"https:\/\/diariorepublica.com.ar\/web\/index.php\/wp-json\/wp\/v2\/types\/post"}],"author":[{"embeddable":true,"href":"https:\/\/diariorepublica.com.ar\/web\/index.php\/wp-json\/wp\/v2\/users\/2"}],"replies":[{"embeddable":true,"href":"https:\/\/diariorepublica.com.ar\/web\/index.php\/wp-json\/wp\/v2\/comments?post=15554"}],"version-history":[{"count":1,"href":"https:\/\/diariorepublica.com.ar\/web\/index.php\/wp-json\/wp\/v2\/posts\/15554\/revisions"}],"predecessor-version":[{"id":15556,"href":"https:\/\/diariorepublica.com.ar\/web\/index.php\/wp-json\/wp\/v2\/posts\/15554\/revisions\/15556"}],"wp:featuredmedia":[{"embeddable":true,"href":"https:\/\/diariorepublica.com.ar\/web\/index.php\/wp-json\/wp\/v2\/media\/15555"}],"wp:attachment":[{"href":"https:\/\/diariorepublica.com.ar\/web\/index.php\/wp-json\/wp\/v2\/media?parent=15554"}],"wp:term":[{"taxonomy":"category","embeddable":true,"href":"https:\/\/diariorepublica.com.ar\/web\/index.php\/wp-json\/wp\/v2\/categories?post=15554"},{"taxonomy":"post_tag","embeddable":true,"href":"https:\/\/diariorepublica.com.ar\/web\/index.php\/wp-json\/wp\/v2\/tags?post=15554"}],"curies":[{"name":"wp","href":"https:\/\/api.w.org\/{rel}","templated":true}]}}