{"id":15557,"date":"2024-06-07T08:38:21","date_gmt":"2024-06-07T11:38:21","guid":{"rendered":"https:\/\/diariorepublica.com.ar\/web\/?p=15557"},"modified":"2024-06-07T08:38:23","modified_gmt":"2024-06-07T11:38:23","slug":"luz-verde-para-la-empresa-catamarca-transporte","status":"publish","type":"post","link":"https:\/\/diariorepublica.com.ar\/web\/index.php\/politica\/2024\/06\/07\/luz-verde-para-la-empresa-catamarca-transporte\/","title":{"rendered":"<strong>Luz verde para la empresa \u00abCatamarca Transporte\u00bb<\/strong>"},"content":{"rendered":"<p>Por unanimidad, la C\u00e1mara de Senadores aprob\u00f3 el decreto que envi\u00f3 el Poder Ejecutivo, durante el receso de la Legislatura, y que modifica la ley por la que se cre\u00f3 la empresa de transporte. De esta manera, la C\u00e1mara alta aprob\u00f3 la creaci\u00f3n de \u00abCatamarca Transporte\u00bb bajo la forma de Sociedad An\u00f3nima Unipersonal (CaT.S.A.U.).<\/p>\n<p>De acuerdo con los fundamentos, la iniciativa surgi\u00f3 de la necesidad de garantizar a la poblaci\u00f3n catamarque\u00f1a la prestaci\u00f3n del servicio de transporte de forma permanente y continua al ser el mismo un servicio esencial.<\/p>\n<p>Adem\u00e1s, se plantea la importancia de asegurar la correcta prestaci\u00f3n del servicio de forma eficiente y de calidad, al considerar que \u00abes un eje primordial en la actual pol\u00edtica de la administraci\u00f3n, ya que contribuye al desarrollo econ\u00f3mico, productivo, social, educativo, cultural y tur\u00edstico de la Provincia\u00bb.<\/p>\n<p>Mediante el decreto se propicia que el servicio de transporte sea administrado por una \u00fanica empresa para mejorar la calidad de \u00e9ste, cre\u00e1ndose una empresa que brinde el servicio por s\u00ed o a trav\u00e9s de terceros en forma de subconcesi\u00f3n.<\/p>\n<p>A trav\u00e9s de la empresa estatal, seg\u00fan se plantea, se podr\u00e1 unificar y centralizar el pago y aporte de subsidios por kil\u00f3metro recorrido, \u201clo que garantiza la presencia efectiva y permanente de las unidades de transporte en el cumplimiento de sus fines, con un criterio \u00fanico y transparente, reduciendo as\u00ed las discrecionalidades y diferencias que puedan darse por la subsistencia de diferentes prestatarias\u201d<\/p>\n","protected":false},"excerpt":{"rendered":"<p>Por unanimidad, la C\u00e1mara de Senadores aprob\u00f3 el decreto que envi\u00f3 el Poder Ejecutivo, durante el receso de la Legislatura,<\/p>\n","protected":false},"author":2,"featured_media":15568,"comment_status":"closed","ping_status":"closed","sticky":false,"template":"","format":"standard","meta":{"footnotes":"","jetpack_publicize_message":"","jetpack_publicize_feature_enabled":true,"jetpack_social_post_already_shared":true,"jetpack_social_options":{"image_generator_settings":{"template":"highway","enabled":false},"version":2}},"categories":[12],"tags":[],"class_list":["post-15557","post","type-post","status-publish","format-standard","has-post-thumbnail","hentry","category-politica"],"jetpack_publicize_connections":[],"_links":{"self":[{"href":"https:\/\/diariorepublica.com.ar\/web\/index.php\/wp-json\/wp\/v2\/posts\/15557"}],"collection":[{"href":"https:\/\/diariorepublica.com.ar\/web\/index.php\/wp-json\/wp\/v2\/posts"}],"about":[{"href":"https:\/\/diariorepublica.com.ar\/web\/index.php\/wp-json\/wp\/v2\/types\/post"}],"author":[{"embeddable":true,"href":"https:\/\/diariorepublica.com.ar\/web\/index.php\/wp-json\/wp\/v2\/users\/2"}],"replies":[{"embeddable":true,"href":"https:\/\/diariorepublica.com.ar\/web\/index.php\/wp-json\/wp\/v2\/comments?post=15557"}],"version-history":[{"count":1,"href":"https:\/\/diariorepublica.com.ar\/web\/index.php\/wp-json\/wp\/v2\/posts\/15557\/revisions"}],"predecessor-version":[{"id":15569,"href":"https:\/\/diariorepublica.com.ar\/web\/index.php\/wp-json\/wp\/v2\/posts\/15557\/revisions\/15569"}],"wp:featuredmedia":[{"embeddable":true,"href":"https:\/\/diariorepublica.com.ar\/web\/index.php\/wp-json\/wp\/v2\/media\/15568"}],"wp:attachment":[{"href":"https:\/\/diariorepublica.com.ar\/web\/index.php\/wp-json\/wp\/v2\/media?parent=15557"}],"wp:term":[{"taxonomy":"category","embeddable":true,"href":"https:\/\/diariorepublica.com.ar\/web\/index.php\/wp-json\/wp\/v2\/categories?post=15557"},{"taxonomy":"post_tag","embeddable":true,"href":"https:\/\/diariorepublica.com.ar\/web\/index.php\/wp-json\/wp\/v2\/tags?post=15557"}],"curies":[{"name":"wp","href":"https:\/\/api.w.org\/{rel}","templated":true}]}}