{"id":15570,"date":"2024-06-07T08:41:06","date_gmt":"2024-06-07T11:41:06","guid":{"rendered":"https:\/\/diariorepublica.com.ar\/web\/?p=15570"},"modified":"2024-06-07T08:41:08","modified_gmt":"2024-06-07T11:41:08","slug":"despidos-en-textilcom-fracaso-la-audiencia-de-conciliacion-y-la-provincia-aplicara-sanciones-a-la-empresa","status":"publish","type":"post","link":"https:\/\/diariorepublica.com.ar\/web\/index.php\/sociedad\/2024\/06\/07\/despidos-en-textilcom-fracaso-la-audiencia-de-conciliacion-y-la-provincia-aplicara-sanciones-a-la-empresa\/","title":{"rendered":"<strong>Despidos en Textilcom: fracas\u00f3 la audiencia de conciliaci\u00f3n y la Provincia aplicar\u00e1 sanciones a la empresa<\/strong>"},"content":{"rendered":"<p>La patronal ofreci\u00f3 pagar solo el 85% de la deuda de abril en julio, y renegociar la indemnizaci\u00f3n en un futuro. Los trabajadores, en cambio, exigieron el pago inmediato de los haberes adeudados. Ante la falta de acuerdo entre las partes, la cartera de Trabajo decidi\u00f3 dar por cerradas las actuaciones y anunci\u00f3 que proceder\u00e1 a iniciar sumario y las acciones correspondientes.<\/p>\n<p>El secretario general del SOIVA, Ra\u00fal Rivero, cont\u00f3 que el abogado de la empresa textil present\u00f3 una oferta, la cual fue rechazada por el gremio. \u201cEllos quer\u00edan pagar el 85% de lo adeudado en abril e la primera semana de julio\u201d, explic\u00f3.<\/p>\n<p>En este marco, afirm\u00f3 que el ofrecimiento fue rechazado al considerarlo inviable en el marco de la dif\u00edcil situaci\u00f3n econ\u00f3mica que est\u00e1n atravesando los trabajadore. \u201cComo gremio rechazamos la oferta porque la necesidad de los operaros es urgente, van por el tercer mes que no cuentan con dinero\u201d, detall\u00f3.<\/p>\n<p>En cuanto a la posibilidad de que los empleados se queden con las m\u00e1quinas de producci\u00f3n como parte de pago, Rivero la descart\u00f3 de plano y asegur\u00f3 que \u201cni a la mitad llegamos\u201d del valor total de la deuda que la empresa mantiene con los trabajadores.<\/p>\n<p>\u201cCada d\u00eda que pasa se hace m\u00e1s dif\u00edcil. La gente sigue dentro de la empresa, y el problema no es solo estar ah\u00ed adentro, sino la necesidad de llegar comida a su casa. Hay trabajadores con familia que se quedaron sin nada\u201d, acot\u00f3.<\/p>\n<p>Con respecto a las gestiones que lleva adelante el Gobierno en la b\u00fasqueda de un empresario que se haga cargo de la f\u00e1brica, el sindicalista asegur\u00f3 que los operarios mantienen las esperanzas. \u201cEstamos esperanzados que aparezca un nuevo inversor para que la fabrica se reactive urgente\u201d<\/p>\n<p>Ante la falta de acuerdo entre las partes, la cartera de Trabajo decidi\u00f3 dar por cerradas las actuaciones y anunci\u00f3 que proceder\u00e1 a iniciar sumario y las acciones correspondientes.<\/p>\n<p>Seg\u00fan informaron, el sumario se iniciar\u00e1 a causa de las infracciones cometidas por la empresa Textilcom, previstas en la Ley N\u00b0 25.212, en lo que se refiere a la falta de entrega de los certificados de servicios o de desvinculaci\u00f3n de la relaci\u00f3n laboral a requerimiento del trabajador y la violaci\u00f3n de las normas relativas en cuanto a monto, lugar, tiempo y modo del pago de las remuneraciones.<\/p>\n","protected":false},"excerpt":{"rendered":"<p>La patronal ofreci\u00f3 pagar solo el 85% de la deuda de abril en julio, y renegociar la indemnizaci\u00f3n en un<\/p>\n","protected":false},"author":2,"featured_media":15572,"comment_status":"closed","ping_status":"closed","sticky":false,"template":"","format":"standard","meta":{"footnotes":"","jetpack_publicize_message":"","jetpack_publicize_feature_enabled":true,"jetpack_social_post_already_shared":true,"jetpack_social_options":{"image_generator_settings":{"template":"highway","enabled":false},"version":2}},"categories":[3],"tags":[],"class_list":["post-15570","post","type-post","status-publish","format-standard","has-post-thumbnail","hentry","category-sociedad"],"jetpack_publicize_connections":[],"_links":{"self":[{"href":"https:\/\/diariorepublica.com.ar\/web\/index.php\/wp-json\/wp\/v2\/posts\/15570"}],"collection":[{"href":"https:\/\/diariorepublica.com.ar\/web\/index.php\/wp-json\/wp\/v2\/posts"}],"about":[{"href":"https:\/\/diariorepublica.com.ar\/web\/index.php\/wp-json\/wp\/v2\/types\/post"}],"author":[{"embeddable":true,"href":"https:\/\/diariorepublica.com.ar\/web\/index.php\/wp-json\/wp\/v2\/users\/2"}],"replies":[{"embeddable":true,"href":"https:\/\/diariorepublica.com.ar\/web\/index.php\/wp-json\/wp\/v2\/comments?post=15570"}],"version-history":[{"count":1,"href":"https:\/\/diariorepublica.com.ar\/web\/index.php\/wp-json\/wp\/v2\/posts\/15570\/revisions"}],"predecessor-version":[{"id":15573,"href":"https:\/\/diariorepublica.com.ar\/web\/index.php\/wp-json\/wp\/v2\/posts\/15570\/revisions\/15573"}],"wp:featuredmedia":[{"embeddable":true,"href":"https:\/\/diariorepublica.com.ar\/web\/index.php\/wp-json\/wp\/v2\/media\/15572"}],"wp:attachment":[{"href":"https:\/\/diariorepublica.com.ar\/web\/index.php\/wp-json\/wp\/v2\/media?parent=15570"}],"wp:term":[{"taxonomy":"category","embeddable":true,"href":"https:\/\/diariorepublica.com.ar\/web\/index.php\/wp-json\/wp\/v2\/categories?post=15570"},{"taxonomy":"post_tag","embeddable":true,"href":"https:\/\/diariorepublica.com.ar\/web\/index.php\/wp-json\/wp\/v2\/tags?post=15570"}],"curies":[{"name":"wp","href":"https:\/\/api.w.org\/{rel}","templated":true}]}}