{"id":15574,"date":"2024-06-07T08:44:44","date_gmt":"2024-06-07T11:44:44","guid":{"rendered":"https:\/\/diariorepublica.com.ar\/web\/?p=15574"},"modified":"2024-06-07T08:44:46","modified_gmt":"2024-06-07T11:44:46","slug":"municipales-advierten-que-descontar-los-dias-por-el-paro-profundizara-el-plan-de-lucha","status":"publish","type":"post","link":"https:\/\/diariorepublica.com.ar\/web\/index.php\/sociedad\/2024\/06\/07\/municipales-advierten-que-descontar-los-dias-por-el-paro-profundizara-el-plan-de-lucha\/","title":{"rendered":"<strong>Municipales advierten que descontar los d\u00edas por el paro profundizar\u00e1 el plan de lucha<\/strong>"},"content":{"rendered":"<p>La Capital catamarque\u00f1a alcanz\u00f3 un d\u00eda mas de protestas. El Sindicato de Obreros y Empleados Municipales (SOEM) contin\u00faa con su reclamo salarial, que incluye paro por tiempo indeterminado, acampe frente al Palacio Municipal y que este viernes se sumar\u00e1 una nueva movilizaci\u00f3n<\/p>\n<p>La Capital catamarque\u00f1a alcanz\u00f3 un d\u00eda mas de protestas. El Sindicato de Obreros y Empleados Municipales (SOEM) contin\u00faa con su reclamo salarial, que incluye paro por tiempo indeterminado, acampe frente al Palacio Municipal y que este viernes se sumar\u00e1 una nueva movilizaci\u00f3n<\/p>\n<p>Cabe mencionar, que ayer jueves estaba prevista una nueva marcha, que finalmente, no se concret\u00f3. En contrapartida, los municipales nucleados en el SOEM continuaron con el acampe sobre un sector de la calle La Rioja, frente al edificio municipal, permitiendo el paso de los veh\u00edculos.<\/p>\n<p>\u201cNo marchamos porque comprendemos el grado de problem\u00e1tica que tienen los vecinos, hay muchos comerciantes en el centro, y no queremos perjudicar a muchos sectores de la Capital, pero lamentablemente es la \u00fanica forma que tenemos\u201d, explic\u00f3 el secretario general del SOEM, Lu\u00eds \u00c1lamo.<\/p>\n<p>Asimismo, el gremialista advirti\u00f3 que las medidas ir\u00e1n en aumento si el Municipio cumple con su promesa de aplicar descuentos a los trabajadores por los d\u00edas de paro realizados. \u201dNo solamente vamos a tener una recomposici\u00f3n, sino que nos van a descontar los d\u00edas de huelga, yo creo que esa no ser\u00eda una alternativa y solo se profundizar\u00eda el conflicto\u201d, asegur\u00f3 \u00c1lamo.<\/p>\n","protected":false},"excerpt":{"rendered":"<p>La Capital catamarque\u00f1a alcanz\u00f3 un d\u00eda mas de protestas. El Sindicato de Obreros y Empleados Municipales (SOEM) contin\u00faa con su<\/p>\n","protected":false},"author":2,"featured_media":15575,"comment_status":"closed","ping_status":"closed","sticky":false,"template":"","format":"standard","meta":{"footnotes":"","jetpack_publicize_message":"","jetpack_publicize_feature_enabled":true,"jetpack_social_post_already_shared":true,"jetpack_social_options":{"image_generator_settings":{"template":"highway","enabled":false},"version":2}},"categories":[3],"tags":[],"class_list":["post-15574","post","type-post","status-publish","format-standard","has-post-thumbnail","hentry","category-sociedad"],"jetpack_publicize_connections":[],"_links":{"self":[{"href":"https:\/\/diariorepublica.com.ar\/web\/index.php\/wp-json\/wp\/v2\/posts\/15574"}],"collection":[{"href":"https:\/\/diariorepublica.com.ar\/web\/index.php\/wp-json\/wp\/v2\/posts"}],"about":[{"href":"https:\/\/diariorepublica.com.ar\/web\/index.php\/wp-json\/wp\/v2\/types\/post"}],"author":[{"embeddable":true,"href":"https:\/\/diariorepublica.com.ar\/web\/index.php\/wp-json\/wp\/v2\/users\/2"}],"replies":[{"embeddable":true,"href":"https:\/\/diariorepublica.com.ar\/web\/index.php\/wp-json\/wp\/v2\/comments?post=15574"}],"version-history":[{"count":1,"href":"https:\/\/diariorepublica.com.ar\/web\/index.php\/wp-json\/wp\/v2\/posts\/15574\/revisions"}],"predecessor-version":[{"id":15576,"href":"https:\/\/diariorepublica.com.ar\/web\/index.php\/wp-json\/wp\/v2\/posts\/15574\/revisions\/15576"}],"wp:featuredmedia":[{"embeddable":true,"href":"https:\/\/diariorepublica.com.ar\/web\/index.php\/wp-json\/wp\/v2\/media\/15575"}],"wp:attachment":[{"href":"https:\/\/diariorepublica.com.ar\/web\/index.php\/wp-json\/wp\/v2\/media?parent=15574"}],"wp:term":[{"taxonomy":"category","embeddable":true,"href":"https:\/\/diariorepublica.com.ar\/web\/index.php\/wp-json\/wp\/v2\/categories?post=15574"},{"taxonomy":"post_tag","embeddable":true,"href":"https:\/\/diariorepublica.com.ar\/web\/index.php\/wp-json\/wp\/v2\/tags?post=15574"}],"curies":[{"name":"wp","href":"https:\/\/api.w.org\/{rel}","templated":true}]}}