{"id":15675,"date":"2024-06-10T13:07:47","date_gmt":"2024-06-10T16:07:47","guid":{"rendered":"https:\/\/diariorepublica.com.ar\/web\/?p=15675"},"modified":"2024-06-10T13:07:49","modified_gmt":"2024-06-10T16:07:49","slug":"reunion-de-la-comision-bicameral-de-ninos-ninas-y-adolescentes","status":"publish","type":"post","link":"https:\/\/diariorepublica.com.ar\/web\/index.php\/locales\/2024\/06\/10\/reunion-de-la-comision-bicameral-de-ninos-ninas-y-adolescentes\/","title":{"rendered":"REUNI\u00d3N DE LA COMISI\u00d3N BICAMERAL DE NI\u00d1OS, NI\u00d1AS Y ADOLESCENTES"},"content":{"rendered":"<p>Este lunes se pusieron en marcha las reuniones semanales de la Comisi\u00f3n Bicameral de Ni\u00f1os, Ni\u00f1as y Adolescentes.<\/p>\n<p>En la oportunidad, las y los legisladores tomaron conocimiento de las iniciativas parlamentarias que fueron giradas para el tratamiento de la misma, adem\u00e1s de la agenda de actividades para el presente a\u00f1o, entre ellos el Encuentro Nacional de los Derechos de Ni\u00f1os, Ni\u00f1as y Adolescente a realizarse en la Ciudad Aut\u00f3noma de Buenos Aires y del que ser\u00edan parte algunos miembros.<\/p>\n<p>La reuni\u00f3n cont\u00f3 con la presencia de la presidenta y vicepresidenta, diputada M\u00f3nica Zalazar y senadora Virginia Del Arco -elegidas la semana pasada- respectivamente, adem\u00e1s de la senadora Andrea Lobo, diputadas Alejandra Pons, Claudia Palladino, Adriana D\u00edaz y el diputado Tiago Puente.<\/p>\n","protected":false},"excerpt":{"rendered":"<p>Este lunes se pusieron en marcha las reuniones semanales de la Comisi\u00f3n Bicameral de Ni\u00f1os, Ni\u00f1as y Adolescentes. En la<\/p>\n","protected":false},"author":1,"featured_media":15676,"comment_status":"closed","ping_status":"closed","sticky":false,"template":"","format":"standard","meta":{"footnotes":"","jetpack_publicize_message":"","jetpack_publicize_feature_enabled":true,"jetpack_social_post_already_shared":true,"jetpack_social_options":{"image_generator_settings":{"template":"highway","enabled":false},"version":2}},"categories":[2],"tags":[],"class_list":["post-15675","post","type-post","status-publish","format-standard","has-post-thumbnail","hentry","category-locales"],"jetpack_publicize_connections":[],"_links":{"self":[{"href":"https:\/\/diariorepublica.com.ar\/web\/index.php\/wp-json\/wp\/v2\/posts\/15675"}],"collection":[{"href":"https:\/\/diariorepublica.com.ar\/web\/index.php\/wp-json\/wp\/v2\/posts"}],"about":[{"href":"https:\/\/diariorepublica.com.ar\/web\/index.php\/wp-json\/wp\/v2\/types\/post"}],"author":[{"embeddable":true,"href":"https:\/\/diariorepublica.com.ar\/web\/index.php\/wp-json\/wp\/v2\/users\/1"}],"replies":[{"embeddable":true,"href":"https:\/\/diariorepublica.com.ar\/web\/index.php\/wp-json\/wp\/v2\/comments?post=15675"}],"version-history":[{"count":1,"href":"https:\/\/diariorepublica.com.ar\/web\/index.php\/wp-json\/wp\/v2\/posts\/15675\/revisions"}],"predecessor-version":[{"id":15677,"href":"https:\/\/diariorepublica.com.ar\/web\/index.php\/wp-json\/wp\/v2\/posts\/15675\/revisions\/15677"}],"wp:featuredmedia":[{"embeddable":true,"href":"https:\/\/diariorepublica.com.ar\/web\/index.php\/wp-json\/wp\/v2\/media\/15676"}],"wp:attachment":[{"href":"https:\/\/diariorepublica.com.ar\/web\/index.php\/wp-json\/wp\/v2\/media?parent=15675"}],"wp:term":[{"taxonomy":"category","embeddable":true,"href":"https:\/\/diariorepublica.com.ar\/web\/index.php\/wp-json\/wp\/v2\/categories?post=15675"},{"taxonomy":"post_tag","embeddable":true,"href":"https:\/\/diariorepublica.com.ar\/web\/index.php\/wp-json\/wp\/v2\/tags?post=15675"}],"curies":[{"name":"wp","href":"https:\/\/api.w.org\/{rel}","templated":true}]}}