{"id":15680,"date":"2024-06-11T07:45:08","date_gmt":"2024-06-11T10:45:08","guid":{"rendered":"https:\/\/diariorepublica.com.ar\/web\/?p=15680"},"modified":"2024-06-11T07:45:11","modified_gmt":"2024-06-11T10:45:11","slug":"llego-el-tan-ansiado-acuerdo-nacion-provincia-para-reactivar-la-obra-publica","status":"publish","type":"post","link":"https:\/\/diariorepublica.com.ar\/web\/index.php\/politica\/2024\/06\/11\/llego-el-tan-ansiado-acuerdo-nacion-provincia-para-reactivar-la-obra-publica\/","title":{"rendered":"<strong>Lleg\u00f3 el tan ansiado acuerdo Naci\u00f3n-Provincia para reactivar la obra p\u00fablica<\/strong>"},"content":{"rendered":"<p>El gobernador Ra\u00fal Jalil fue recibido en Casa Rosada por el jefe de Gabinete, Guillermo Francos, con el fin de destrabar fondos para la continuidad de la obra p\u00fablica en la provincia. En este sentido, el mandatario provincial y el funcionario nacional firmaron una serie de convenios que estipulan el traspaso y la colaboraci\u00f3n en materia de obras y viviendas.<\/p>\n<p>El acuerdo marco establece que el Gobierno nacional transferir\u00e1 a Catamarca una serie de obras viales, h\u00eddricas, de saneamiento, de vivienda y de infraestructura social, escolar, urbana y cultural. Al mismo tiempo, la Naci\u00f3n continuar\u00e1 con la ejecuci\u00f3n de otras obras estrat\u00e9gicas que ya se encontraban en curso.<\/p>\n<p>El convenio incluye la reactivaci\u00f3n de la obra p\u00fablica con una inversi\u00f3n de $25 mil millones para proyectos de rutas, puentes y cloacas, y $6.500 millones para la reactivaci\u00f3n de viviendas en distintos puntos de la provincia.<\/p>\n<p>Entre las obras transferidas se destacan la construcci\u00f3n de Centros de Desarrollo Infantil en Tinogasta, Los Altos, Recreo y Pom\u00e1n, la reactivaci\u00f3n de puentes en el interior provincial, y la finalizaci\u00f3n de obras h\u00eddricas, de saneamiento, mejoramiento urbano, rutas y caminos.<\/p>\n<p>Respecto a las obras de viviendas, se celebr\u00f3 un acuerdo marco de colaboraci\u00f3n en el marco del \u201cPrograma Casa Propia &#8211; Construir Futuro\u201d, que permitir\u00e1 la reactivaci\u00f3n de m\u00e1s de 30 proyectos habitacionales en toda la provincia, totalizando m\u00e1s de mil viviendas. En este sentido, la Secretar\u00eda de Desarrollo Territorial, H\u00e1bitat y Vivienda se comprometi\u00f3 a asistir financieramente a la provincia hasta alcanzar la suma necesaria conforme a los mecanismos establecidos en el programa.<\/p>\n","protected":false},"excerpt":{"rendered":"<p>El gobernador Ra\u00fal Jalil fue recibido en Casa Rosada por el jefe de Gabinete, Guillermo Francos, con el fin de<\/p>\n","protected":false},"author":2,"featured_media":15702,"comment_status":"closed","ping_status":"closed","sticky":false,"template":"","format":"standard","meta":{"footnotes":"","jetpack_publicize_message":"","jetpack_publicize_feature_enabled":true,"jetpack_social_post_already_shared":true,"jetpack_social_options":{"image_generator_settings":{"template":"highway","enabled":false},"version":2}},"categories":[12],"tags":[],"class_list":["post-15680","post","type-post","status-publish","format-standard","has-post-thumbnail","hentry","category-politica"],"jetpack_publicize_connections":[],"_links":{"self":[{"href":"https:\/\/diariorepublica.com.ar\/web\/index.php\/wp-json\/wp\/v2\/posts\/15680"}],"collection":[{"href":"https:\/\/diariorepublica.com.ar\/web\/index.php\/wp-json\/wp\/v2\/posts"}],"about":[{"href":"https:\/\/diariorepublica.com.ar\/web\/index.php\/wp-json\/wp\/v2\/types\/post"}],"author":[{"embeddable":true,"href":"https:\/\/diariorepublica.com.ar\/web\/index.php\/wp-json\/wp\/v2\/users\/2"}],"replies":[{"embeddable":true,"href":"https:\/\/diariorepublica.com.ar\/web\/index.php\/wp-json\/wp\/v2\/comments?post=15680"}],"version-history":[{"count":1,"href":"https:\/\/diariorepublica.com.ar\/web\/index.php\/wp-json\/wp\/v2\/posts\/15680\/revisions"}],"predecessor-version":[{"id":15704,"href":"https:\/\/diariorepublica.com.ar\/web\/index.php\/wp-json\/wp\/v2\/posts\/15680\/revisions\/15704"}],"wp:featuredmedia":[{"embeddable":true,"href":"https:\/\/diariorepublica.com.ar\/web\/index.php\/wp-json\/wp\/v2\/media\/15702"}],"wp:attachment":[{"href":"https:\/\/diariorepublica.com.ar\/web\/index.php\/wp-json\/wp\/v2\/media?parent=15680"}],"wp:term":[{"taxonomy":"category","embeddable":true,"href":"https:\/\/diariorepublica.com.ar\/web\/index.php\/wp-json\/wp\/v2\/categories?post=15680"},{"taxonomy":"post_tag","embeddable":true,"href":"https:\/\/diariorepublica.com.ar\/web\/index.php\/wp-json\/wp\/v2\/tags?post=15680"}],"curies":[{"name":"wp","href":"https:\/\/api.w.org\/{rel}","templated":true}]}}