{"id":15696,"date":"2024-06-11T07:34:35","date_gmt":"2024-06-11T10:34:35","guid":{"rendered":"https:\/\/diariorepublica.com.ar\/web\/?p=15696"},"modified":"2024-06-11T07:34:37","modified_gmt":"2024-06-11T10:34:37","slug":"pettovello-denuncio-que-intentaron-ingresar-a-su-domicilio-tras-sufrir-amenazas","status":"publish","type":"post","link":"https:\/\/diariorepublica.com.ar\/web\/index.php\/nacionales\/2024\/06\/11\/pettovello-denuncio-que-intentaron-ingresar-a-su-domicilio-tras-sufrir-amenazas\/","title":{"rendered":"Pettovello denunci\u00f3 que intentaron ingresar a su domicilio, tras sufrir amenazas"},"content":{"rendered":"<p>La ministra de Capital Humano, Sandra Pettovello, recibi\u00f3 amenazas, al igual que su subsecretaria Legal, Leila Gianni, seg\u00fan afirmaron a LA NACION altas fuentes de la cartera de Capital Humano. Las custodias de ambas efectuaron la denuncia ante la justicia. En el caso de la ministra se advirti\u00f3, adem\u00e1s, que en las \u00faltimas horas cortaron el cerco perimetral de su domicilio. En el de Gianni, las amenazas se concretaron a trav\u00e9s de un llamado telef\u00f3nico, donde mencionaron a un familiar. Poco despu\u00e9s de conocerse lo sucedido, el presidente Javier Milei utiliz\u00f3 su cuenta de la red social X para respaldar p\u00fablicamente a Pettovello, como lo viene haciendo desde que comenz\u00f3 la crisis en Capital Humano.<\/p>\n<p>\u201cLa Ministra Sandra Pettovello y todo su equipo est\u00e1n dando una batalla contra la corrupci\u00f3n como nunca se hab\u00eda visto en la historia. \u00bfSe dan cuenta porque todo el tiempo operan a la Ministra? Mientras gestiona termina con los curros. Algunos \u201ccr\u00edticos\u201d prefieren a los chorros\u201d, poste\u00f3 Milei, quien lig\u00f3 el episodio con las denuncias que su amiga y funcionaria viene presentando en la justicia.<\/p>\n<p class=\"com-paragraph   --s\">Seg\u00fan detallaron las fuentes consultadas, las amenazas no son las primeras que se registran en el entorno de la ministra y de sus funcionarios. Ocurrieron\u00a0<strong>otros hechos similares<\/strong>\u00a0en las \u00faltimas semanas, desde que el Ministerio comenz\u00f3 a presentar denuncias contra los intermediarios y los grupos piqueteros que manejan planes sociales, fondos y subsidios.<\/p>\n<p class=\"com-paragraph   --s\">Fuentes oficiales se\u00f1alaron que Pettovello recibi\u00f3 numerosos mensajes intimidatorios en su celular desde n\u00fameros desconocidos y que se constat\u00f3 un corte en el cerco perimetral electrificado de su casa. Por motivos de seguridad, evitaron dar precisiones. Seg\u00fan pudo saber\u00a0<strong>LA NACION<\/strong>, la ministra de Seguridad,\u00a0<strong>Patricia Bullrich<\/strong>, se aprestaba a comunicarse con Pettovello. Bullrich estaba en una actividad en Salta cuando se enter\u00f3 del episodio. Quien se comunic\u00f3 inmediatamente fue el jefe de Gabinete,\u00a0<strong>Guillermo Francos<\/strong>.<\/p>\n<p class=\"com-paragraph   --s\">Pettovello enfrenta dos conflictos que recrudecieron en los \u00faltimos d\u00edas: la denuncia, impulsada por Juan Grabois, por el acopio de 5900 toneladas de alimentos en dep\u00f3sitos del ministerio, lo que le vali\u00f3 cuestionamientos tanto de la Justicia como de la Iglesia; y las contrataciones de funcionarios a trav\u00e9s de la Organizaci\u00f3n de Estados Iberoamericanos (OEI), por las que Capital Humano denunci\u00f3 al exfuncionario\u00a0<strong>Pablo de la Torre<\/strong>, pero que ahora podr\u00edan complicar al propio ministerio y a la Casa Rosada, luego de que se constatara que esos contratos se extend\u00edan a otras \u00e1reas de la gesti\u00f3n libertaria. En ese marco se conocieron las denuncias por amenazas a Pettovello y Gianni.<\/p>\n","protected":false},"excerpt":{"rendered":"<p>La ministra de Capital Humano, Sandra Pettovello, recibi\u00f3 amenazas, al igual que su subsecretaria Legal, Leila Gianni, seg\u00fan afirmaron a<\/p>\n","protected":false},"author":1,"featured_media":15697,"comment_status":"closed","ping_status":"closed","sticky":false,"template":"","format":"standard","meta":{"footnotes":"","jetpack_publicize_message":"","jetpack_publicize_feature_enabled":true,"jetpack_social_post_already_shared":true,"jetpack_social_options":{"image_generator_settings":{"template":"highway","enabled":false},"version":2}},"categories":[4],"tags":[],"class_list":["post-15696","post","type-post","status-publish","format-standard","has-post-thumbnail","hentry","category-nacionales"],"jetpack_publicize_connections":[],"_links":{"self":[{"href":"https:\/\/diariorepublica.com.ar\/web\/index.php\/wp-json\/wp\/v2\/posts\/15696"}],"collection":[{"href":"https:\/\/diariorepublica.com.ar\/web\/index.php\/wp-json\/wp\/v2\/posts"}],"about":[{"href":"https:\/\/diariorepublica.com.ar\/web\/index.php\/wp-json\/wp\/v2\/types\/post"}],"author":[{"embeddable":true,"href":"https:\/\/diariorepublica.com.ar\/web\/index.php\/wp-json\/wp\/v2\/users\/1"}],"replies":[{"embeddable":true,"href":"https:\/\/diariorepublica.com.ar\/web\/index.php\/wp-json\/wp\/v2\/comments?post=15696"}],"version-history":[{"count":1,"href":"https:\/\/diariorepublica.com.ar\/web\/index.php\/wp-json\/wp\/v2\/posts\/15696\/revisions"}],"predecessor-version":[{"id":15698,"href":"https:\/\/diariorepublica.com.ar\/web\/index.php\/wp-json\/wp\/v2\/posts\/15696\/revisions\/15698"}],"wp:featuredmedia":[{"embeddable":true,"href":"https:\/\/diariorepublica.com.ar\/web\/index.php\/wp-json\/wp\/v2\/media\/15697"}],"wp:attachment":[{"href":"https:\/\/diariorepublica.com.ar\/web\/index.php\/wp-json\/wp\/v2\/media?parent=15696"}],"wp:term":[{"taxonomy":"category","embeddable":true,"href":"https:\/\/diariorepublica.com.ar\/web\/index.php\/wp-json\/wp\/v2\/categories?post=15696"},{"taxonomy":"post_tag","embeddable":true,"href":"https:\/\/diariorepublica.com.ar\/web\/index.php\/wp-json\/wp\/v2\/tags?post=15696"}],"curies":[{"name":"wp","href":"https:\/\/api.w.org\/{rel}","templated":true}]}}