{"id":1573,"date":"2023-04-17T09:04:45","date_gmt":"2023-04-17T12:04:45","guid":{"rendered":"https:\/\/diariorepublica.com.ar\/web\/?p=1573"},"modified":"2023-04-17T09:04:47","modified_gmt":"2023-04-17T12:04:47","slug":"catamarca-adherira-a-la-ley-de-alcohol-cero","status":"publish","type":"post","link":"https:\/\/diariorepublica.com.ar\/web\/index.php\/politica\/2023\/04\/17\/catamarca-adherira-a-la-ley-de-alcohol-cero\/","title":{"rendered":"Catamarca adherir\u00e1 a la Ley de Alcohol Cero"},"content":{"rendered":"<p>Sergio Leiva, director de Seguridad Vial del ministerio de Seguridad de la provincia, habl\u00f3 con FM REPUBLICA 103.1, celebr\u00f3 la aprobaci\u00f3n de la Ley de Alcohol Cero al volante aprobada recientemente en el Senado de la Naci\u00f3n y asegur\u00f3 que Catamarca en los pr\u00f3ximos d\u00edas adherir\u00e1 a la norma.<\/p>\n<p>\u201cNos pone contentos porque mucha gente viene militando el tema hace casi 20 a\u00f1os, luego el proyecto que present\u00f3 la Agencia de Seguridad Vial, el Concejo Federal, la Asociaci\u00f3n Argentina de Medicina y otras entidades, varios entes en busca de la aprobaci\u00f3n que se logr\u00f3\u201d<\/p>\n<p>Sobre la unificaci\u00f3n de las normas, el titular de Seguridad Vial dijo: \u201cEs un tema que la ministra ya hab\u00eda hablado con el Gobernador, quien ya manifest\u00f3 la intenci\u00f3n de adherir a la nueva norma, que, en realidad, se modific\u00f3 un solo art\u00edculo, el 48 inciso A. Estimo que a fines de la pr\u00f3xima semana ya estar\u00eda en el Bolet\u00edn Oficial. Yo presentar\u00eda el proyecto\u201d.<\/p>\n<p>\u201cCon la ministra hablamos que vamos a poner 90 d\u00edas para trabajar en concientizaci\u00f3n sobre la nueva normativa porque es un cambio brusco.<\/p>\n<p>Finalmente, el funcionario explic\u00f3 que esta legislaci\u00f3n ya est\u00e1 vigente para las rutas nacionales y que una vez que la provincia adhiera va a ser en las rutas provinciales de toda la jurisdicci\u00f3n.<\/p>\n","protected":false},"excerpt":{"rendered":"<p>Sergio Leiva, director de Seguridad Vial del ministerio de Seguridad de la provincia, habl\u00f3 con FM REPUBLICA 103.1, celebr\u00f3 la<\/p>\n","protected":false},"author":2,"featured_media":1574,"comment_status":"closed","ping_status":"closed","sticky":false,"template":"","format":"standard","meta":{"footnotes":"","jetpack_publicize_message":"","jetpack_publicize_feature_enabled":true,"jetpack_social_post_already_shared":false,"jetpack_social_options":{"image_generator_settings":{"template":"highway","enabled":false},"version":2}},"categories":[12],"tags":[],"class_list":["post-1573","post","type-post","status-publish","format-standard","has-post-thumbnail","hentry","category-politica"],"jetpack_publicize_connections":[],"_links":{"self":[{"href":"https:\/\/diariorepublica.com.ar\/web\/index.php\/wp-json\/wp\/v2\/posts\/1573"}],"collection":[{"href":"https:\/\/diariorepublica.com.ar\/web\/index.php\/wp-json\/wp\/v2\/posts"}],"about":[{"href":"https:\/\/diariorepublica.com.ar\/web\/index.php\/wp-json\/wp\/v2\/types\/post"}],"author":[{"embeddable":true,"href":"https:\/\/diariorepublica.com.ar\/web\/index.php\/wp-json\/wp\/v2\/users\/2"}],"replies":[{"embeddable":true,"href":"https:\/\/diariorepublica.com.ar\/web\/index.php\/wp-json\/wp\/v2\/comments?post=1573"}],"version-history":[{"count":1,"href":"https:\/\/diariorepublica.com.ar\/web\/index.php\/wp-json\/wp\/v2\/posts\/1573\/revisions"}],"predecessor-version":[{"id":1575,"href":"https:\/\/diariorepublica.com.ar\/web\/index.php\/wp-json\/wp\/v2\/posts\/1573\/revisions\/1575"}],"wp:featuredmedia":[{"embeddable":true,"href":"https:\/\/diariorepublica.com.ar\/web\/index.php\/wp-json\/wp\/v2\/media\/1574"}],"wp:attachment":[{"href":"https:\/\/diariorepublica.com.ar\/web\/index.php\/wp-json\/wp\/v2\/media?parent=1573"}],"wp:term":[{"taxonomy":"category","embeddable":true,"href":"https:\/\/diariorepublica.com.ar\/web\/index.php\/wp-json\/wp\/v2\/categories?post=1573"},{"taxonomy":"post_tag","embeddable":true,"href":"https:\/\/diariorepublica.com.ar\/web\/index.php\/wp-json\/wp\/v2\/tags?post=1573"}],"curies":[{"name":"wp","href":"https:\/\/api.w.org\/{rel}","templated":true}]}}