{"id":15739,"date":"2024-06-12T07:41:46","date_gmt":"2024-06-12T10:41:46","guid":{"rendered":"https:\/\/diariorepublica.com.ar\/web\/?p=15739"},"modified":"2024-06-12T07:41:48","modified_gmt":"2024-06-12T10:41:48","slug":"jalil-y-multinacional-farmaceutica-analizaron-los-avances-sobre-prevencion-cardiovascular","status":"publish","type":"post","link":"https:\/\/diariorepublica.com.ar\/web\/index.php\/sociedad\/2024\/06\/12\/jalil-y-multinacional-farmaceutica-analizaron-los-avances-sobre-prevencion-cardiovascular\/","title":{"rendered":"Jalil y multinacional farmac\u00e9utica analizaron los avances sobre prevenci\u00f3n cardiovascular"},"content":{"rendered":"<p>En el marco de la renovaci\u00f3n del Acuerdo de Reciprocidad firmado entre Catamarca y Novartis para la puesta en marcha de iniciativas con impacto positivo en materia de salud cardiovascular, el Gobernador Ra\u00fal Jalil se reuni\u00f3 con los representantes de la compa\u00f1\u00eda para analizar los avances y explorar nuevas articulaciones que beneficien a los catamarque\u00f1os.<\/p>\n<p>Durante el encuentro, que se llev\u00f3 a cabo en la Casa de Catamarca, en CABA, Novartis comparti\u00f3 que hasta el momento ya se han realizado 10 capacitaciones brindadas por reconocidos especialistas en cardiolog\u00eda, de las que participaron m\u00e1s de 110 m\u00e9dicos de toda la provincia. Adem\u00e1s, dos de esas instancias fueron programas educativos en un centro de referencia externo, el Instituto Imperial College de la ciudad de Londres (Reino Unido).<\/p>\n<p>\u201cCatamarca es una provincia pionera en la puesta en marcha de este tipo de acuerdos, y encontramos un alt\u00edsimo nivel de compromiso del equipo de Salud local en la b\u00fasqueda de soluciones en materia de salud cardiovascular\u201d, dijo Gisela Kras\u00f1asky, Directora de Asuntos P\u00fablicos, de Novartis Argentina.<\/p>\n<p>Las enfermedades cardiovasculares son la principal causa de muerte en el mundo y en Argentina, siendo en nuestro pa\u00eds tambi\u00e9n la principal causa de muerte prematura tanto en hombres como en mujeres. Es por ello que la prevenci\u00f3n y el control juegan un papel clave en este desaf\u00edo. Este Acuerdo, firmado por primera vez en el a\u00f1o 2022 y que implic\u00f3 m\u00e1s de 25 visitas de los equipos t\u00e9cnicos de Novartis a la provincia para la puesta en marcha de las distintas iniciativas delineadas conjuntamente con el equipo de salud local y que tienen por objeto fortalecer el sistema de salud y el tratamiento que se le brinda a los pacientes.<\/p>\n<p>El Gobernador y las autoridades de la compa\u00f1\u00eda exploraron, adem\u00e1s, la posibilidad de ampliar el acuerdo a otras \u00e1reas terap\u00e9uticas, entre ellas, el c\u00e1ncer de mama.<\/p>\n<p>Por parte de Novartis participaron de la reuni\u00f3n, Carlos Lannardone, Director de Oncolog\u00eda; Daniel Ruvial, Director de Acceso; Gisela Kras\u00f1ansky, Directora de Asuntos Corporativos; Gast\u00f3n Massari Copes, del equipo de Asuntos P\u00fablicos y Ana Turyn, Head de Salud Poblacional<\/p>\n","protected":false},"excerpt":{"rendered":"<p>En el marco de la renovaci\u00f3n del Acuerdo de Reciprocidad firmado entre Catamarca y Novartis para la puesta en marcha<\/p>\n","protected":false},"author":2,"featured_media":15740,"comment_status":"closed","ping_status":"closed","sticky":false,"template":"","format":"standard","meta":{"footnotes":"","jetpack_publicize_message":"","jetpack_publicize_feature_enabled":true,"jetpack_social_post_already_shared":true,"jetpack_social_options":{"image_generator_settings":{"template":"highway","enabled":false},"version":2}},"categories":[3],"tags":[],"class_list":["post-15739","post","type-post","status-publish","format-standard","has-post-thumbnail","hentry","category-sociedad"],"jetpack_publicize_connections":[],"_links":{"self":[{"href":"https:\/\/diariorepublica.com.ar\/web\/index.php\/wp-json\/wp\/v2\/posts\/15739"}],"collection":[{"href":"https:\/\/diariorepublica.com.ar\/web\/index.php\/wp-json\/wp\/v2\/posts"}],"about":[{"href":"https:\/\/diariorepublica.com.ar\/web\/index.php\/wp-json\/wp\/v2\/types\/post"}],"author":[{"embeddable":true,"href":"https:\/\/diariorepublica.com.ar\/web\/index.php\/wp-json\/wp\/v2\/users\/2"}],"replies":[{"embeddable":true,"href":"https:\/\/diariorepublica.com.ar\/web\/index.php\/wp-json\/wp\/v2\/comments?post=15739"}],"version-history":[{"count":1,"href":"https:\/\/diariorepublica.com.ar\/web\/index.php\/wp-json\/wp\/v2\/posts\/15739\/revisions"}],"predecessor-version":[{"id":15741,"href":"https:\/\/diariorepublica.com.ar\/web\/index.php\/wp-json\/wp\/v2\/posts\/15739\/revisions\/15741"}],"wp:featuredmedia":[{"embeddable":true,"href":"https:\/\/diariorepublica.com.ar\/web\/index.php\/wp-json\/wp\/v2\/media\/15740"}],"wp:attachment":[{"href":"https:\/\/diariorepublica.com.ar\/web\/index.php\/wp-json\/wp\/v2\/media?parent=15739"}],"wp:term":[{"taxonomy":"category","embeddable":true,"href":"https:\/\/diariorepublica.com.ar\/web\/index.php\/wp-json\/wp\/v2\/categories?post=15739"},{"taxonomy":"post_tag","embeddable":true,"href":"https:\/\/diariorepublica.com.ar\/web\/index.php\/wp-json\/wp\/v2\/tags?post=15739"}],"curies":[{"name":"wp","href":"https:\/\/api.w.org\/{rel}","templated":true}]}}